{"id":4961,"date":"2024-11-25T17:33:13","date_gmt":"2024-11-25T15:33:13","guid":{"rendered":"http:\/\/anpagarciabarbon.org\/?p=4961"},"modified":"2024-11-25T17:33:13","modified_gmt":"2024-11-25T15:33:13","slug":"formacion-primeiros-auxilios","status":"publish","type":"post","link":"https:\/\/anpagarciabarbon.org\/?p=4961","title":{"rendered":"Formaci\u00f3n primeiros auxilios"},"content":{"rendered":"\n<figure class=\"wp-block-image size-large\"><img loading=\"lazy\" decoding=\"async\" width=\"1024\" height=\"1024\" src=\"http:\/\/anpagarciabarbon.org\/wp-content\/uploads\/2024\/11\/anuncio-primeiros-auxilios-1024x1024.jpg\" alt=\"\" class=\"wp-image-4962\" srcset=\"https:\/\/anpagarciabarbon.org\/wp-content\/uploads\/2024\/11\/anuncio-primeiros-auxilios-1024x1024.jpg 1024w, https:\/\/anpagarciabarbon.org\/wp-content\/uploads\/2024\/11\/anuncio-primeiros-auxilios-300x300.jpg 300w, https:\/\/anpagarciabarbon.org\/wp-content\/uploads\/2024\/11\/anuncio-primeiros-auxilios-150x150.jpg 150w, https:\/\/anpagarciabarbon.org\/wp-content\/uploads\/2024\/11\/anuncio-primeiros-auxilios-768x768.jpg 768w, https:\/\/anpagarciabarbon.org\/wp-content\/uploads\/2024\/11\/anuncio-primeiros-auxilios.jpg 1080w\" sizes=\"(max-width: 1024px) 100vw, 1024px\" \/><\/figure>\n\n\n\n<p><\/p>\n\n\n\n<p>Formaci\u00f3n en Primeiros Auxilios no CEIP Garc\u00eda Barb\u00f3n <\/p>\n\n\n\n<p>&#8211; Data e hora: 9 de decembro de 2024, \u00e1s 17:00<br>&#8211; Lugar: Sala de Usos M\u00faltiples do CEIP Garc\u00eda Barb\u00f3n<br>&#8211; Dirixida a: Docentes e proxenitores\/coidadores<br>&#8211; Temas: Reanimaci\u00f3n cardiopulmonar, atragantamentos e reacci\u00f3ns al\u00e9rxicas.<\/p>\n\n\n\n<p> Impartido por persoal sanitario. Actividade totalmente gratu\u00edta.<br><strong> Ata completar aforo.<\/strong><\/p>\n\n\n\n<p> Non perdas esta oportunidade de aprender habilidades que poden salvar vidas!<\/p>\n\n\n\n<p><\/p>\n","protected":false},"excerpt":{"rendered":"<p>Formaci\u00f3n en Primeiros Auxilios no CEIP Garc\u00eda Barb\u00f3n &#8211; Data e hora: 9 de decembro de 2024, \u00e1s 17:00&#8211; Lugar: Sala de Usos M\u00faltiples do CEIP Garc\u00eda Barb\u00f3n&#8211; Dirixida a: [&hellip;]<\/p>\n","protected":false},"author":2,"featured_media":0,"comment_status":"closed","ping_status":"closed","sticky":false,"template":"","format":"standard","meta":{"footnotes":""},"categories":[27,2],"tags":[],"_links":{"self":[{"href":"https:\/\/anpagarciabarbon.org\/index.php?rest_route=\/wp\/v2\/posts\/4961"}],"collection":[{"href":"https:\/\/anpagarciabarbon.org\/index.php?rest_route=\/wp\/v2\/posts"}],"about":[{"href":"https:\/\/anpagarciabarbon.org\/index.php?rest_route=\/wp\/v2\/types\/post"}],"author":[{"embeddable":true,"href":"https:\/\/anpagarciabarbon.org\/index.php?rest_route=\/wp\/v2\/users\/2"}],"replies":[{"embeddable":true,"href":"https:\/\/anpagarciabarbon.org\/index.php?rest_route=%2Fwp%2Fv2%2Fcomments&post=4961"}],"version-history":[{"count":1,"href":"https:\/\/anpagarciabarbon.org\/index.php?rest_route=\/wp\/v2\/posts\/4961\/revisions"}],"predecessor-version":[{"id":4963,"href":"https:\/\/anpagarciabarbon.org\/index.php?rest_route=\/wp\/v2\/posts\/4961\/revisions\/4963"}],"wp:attachment":[{"href":"https:\/\/anpagarciabarbon.org\/index.php?rest_route=%2Fwp%2Fv2%2Fmedia&parent=4961"}],"wp:term":[{"taxonomy":"category","embeddable":true,"href":"https:\/\/anpagarciabarbon.org\/index.php?rest_route=%2Fwp%2Fv2%2Fcategories&post=4961"},{"taxonomy":"post_tag","embeddable":true,"href":"https:\/\/anpagarciabarbon.org\/index.php?rest_route=%2Fwp%2Fv2%2Ftags&post=4961"}],"curies":[{"name":"wp","href":"https:\/\/api.w.org\/{rel}","templated":true}]}}