{"id":4905,"date":"2024-10-03T13:46:48","date_gmt":"2024-10-03T11:46:48","guid":{"rendered":"http:\/\/anpagarciabarbon.org\/?p=4905"},"modified":"2024-10-03T13:46:48","modified_gmt":"2024-10-03T11:46:48","slug":"coeducando-na-barxa-2024-2025","status":"publish","type":"post","link":"https:\/\/anpagarciabarbon.org\/?p=4905","title":{"rendered":"Coeducando na Barxa 2024-2025"},"content":{"rendered":"\n<div data-wp-interactive=\"core\/file\" class=\"wp-block-file\"><object data-wp-bind--hidden=\"!state.hasPdfPreview\"  class=\"wp-block-file__embed\" data=\"http:\/\/anpagarciabarbon.org\/wp-content\/uploads\/2024\/10\/cartel-primariacharla.pdf\" type=\"application\/pdf\" style=\"width:100%;height:600px\" aria-label=\"Incrustado de cartel-primariacharla.\"><\/object><a id=\"wp-block-file--media-93aaa86f-3136-41f6-9e87-5a371cb4782f\" href=\"http:\/\/anpagarciabarbon.org\/wp-content\/uploads\/2024\/10\/cartel-primariacharla.pdf\">cartel-primariacharla<\/a><a href=\"http:\/\/anpagarciabarbon.org\/wp-content\/uploads\/2024\/10\/cartel-primariacharla.pdf\" class=\"wp-block-file__button wp-element-button\" download aria-describedby=\"wp-block-file--media-93aaa86f-3136-41f6-9e87-5a371cb4782f\">Descarga\t <\/a><\/div>\n\n\n\n<p>Actividades de igualdade 2024 para 5\u00ba e 6\u00ba de primaria<\/p>\n\n\n\n<p>Cristina e Priscila de Prisma Igualdade levar\u00e1n \u00e1s aulas do alumnado de 5o e 6o o <strong>Arquip\u00e9lago<br>da Igualdade,<\/strong> para falar de estereotipos de x\u00e9nero e relaci\u00f3ns s\u00e1s.<\/p>\n\n\n\n<p>Luns 14 de outubro<br>Martes 15 de Outubro<\/p>\n\n\n\n<p>Para completar estas charlas e seguir<\/p>\n\n\n\n<p>coeducando dende a casa<\/p>\n\n\n\n<p>Charla-obradoiro para familias<strong> Desaprender para coeducar<\/strong><\/p>\n\n\n\n<p>Xoves 17 \u00e1s 18.00h<\/p>\n\n\n\n<p>Para anotarse na charla -obradoiro para familias podedes mandar un whatsapp o tel\u00e9fono do ANPA o mandar un correo a <\/p>\n\n\n\n<p>anpa.garcia.barbon@gmail.com<\/p>\n","protected":false},"excerpt":{"rendered":"<p>Actividades de igualdade 2024 para 5\u00ba e 6\u00ba de primaria Cristina e Priscila de Prisma Igualdade levar\u00e1n \u00e1s aulas do alumnado de 5o e 6o o Arquip\u00e9lagoda Igualdade, para falar [&hellip;]<\/p>\n","protected":false},"author":2,"featured_media":0,"comment_status":"closed","ping_status":"closed","sticky":false,"template":"","format":"standard","meta":{"footnotes":""},"categories":[38],"tags":[],"_links":{"self":[{"href":"https:\/\/anpagarciabarbon.org\/index.php?rest_route=\/wp\/v2\/posts\/4905"}],"collection":[{"href":"https:\/\/anpagarciabarbon.org\/index.php?rest_route=\/wp\/v2\/posts"}],"about":[{"href":"https:\/\/anpagarciabarbon.org\/index.php?rest_route=\/wp\/v2\/types\/post"}],"author":[{"embeddable":true,"href":"https:\/\/anpagarciabarbon.org\/index.php?rest_route=\/wp\/v2\/users\/2"}],"replies":[{"embeddable":true,"href":"https:\/\/anpagarciabarbon.org\/index.php?rest_route=%2Fwp%2Fv2%2Fcomments&post=4905"}],"version-history":[{"count":2,"href":"https:\/\/anpagarciabarbon.org\/index.php?rest_route=\/wp\/v2\/posts\/4905\/revisions"}],"predecessor-version":[{"id":4925,"href":"https:\/\/anpagarciabarbon.org\/index.php?rest_route=\/wp\/v2\/posts\/4905\/revisions\/4925"}],"wp:attachment":[{"href":"https:\/\/anpagarciabarbon.org\/index.php?rest_route=%2Fwp%2Fv2%2Fmedia&parent=4905"}],"wp:term":[{"taxonomy":"category","embeddable":true,"href":"https:\/\/anpagarciabarbon.org\/index.php?rest_route=%2Fwp%2Fv2%2Fcategories&post=4905"},{"taxonomy":"post_tag","embeddable":true,"href":"https:\/\/anpagarciabarbon.org\/index.php?rest_route=%2Fwp%2Fv2%2Ftags&post=4905"}],"curies":[{"name":"wp","href":"https:\/\/api.w.org\/{rel}","templated":true}]}}