{"id":4459,"date":"2023-11-03T14:45:05","date_gmt":"2023-11-03T12:45:05","guid":{"rendered":"http:\/\/anpagarciabarbon.org\/?p=4459"},"modified":"2024-01-10T11:00:37","modified_gmt":"2024-01-10T09:00:37","slug":"coeducando-na-barxa-5","status":"publish","type":"post","link":"https:\/\/anpagarciabarbon.org\/?p=4459","title":{"rendered":"Coeducando na Barxa &#8211; teatro para todas as familias"},"content":{"rendered":"\n<figure class=\"wp-block-image size-full\"><img loading=\"lazy\" decoding=\"async\" width=\"1024\" height=\"859\" src=\"http:\/\/anpagarciabarbon.org\/wp-content\/uploads\/2023\/11\/Untitled-design-1.png\" alt=\"\" class=\"wp-image-4563\" srcset=\"https:\/\/anpagarciabarbon.org\/wp-content\/uploads\/2023\/11\/Untitled-design-1.png 1024w, https:\/\/anpagarciabarbon.org\/wp-content\/uploads\/2023\/11\/Untitled-design-1-300x252.png 300w, https:\/\/anpagarciabarbon.org\/wp-content\/uploads\/2023\/11\/Untitled-design-1-768x644.png 768w\" sizes=\"(max-width: 1024px) 100vw, 1024px\" \/><\/figure>\n\n\n\n<p>O videiro s\u00e1bado 18 de novembro ter\u00e1 lugar no Auditorio de Teis  unha obra de teatro para todas as familias, <strong>&#8220;Contos de nenas grandes e pequenas&#8221;<\/strong>&nbsp;da Compa\u00f1\u00eda Tropa de Trapo<br>Comezar\u00e1&nbsp;<strong>\u00e1s 18.00<\/strong>&nbsp;e&nbsp;<strong>est\u00e1 destinado a todas as familias do cole.<\/strong><br>Podedes inscribiros a trav\u00e9s de:&nbsp;<\/p>\n\n\n\n<ul>\n<li>Correo anpa.garcia.barbon@gamil.com<\/li>\n\n\n\n<li>Whatsapp o 660 17 52&nbsp; 15<\/li>\n<\/ul>\n","protected":false},"excerpt":{"rendered":"<p>O videiro s\u00e1bado 18 de novembro ter\u00e1 lugar no Auditorio de Teis unha obra de teatro para todas as familias, &#8220;Contos de nenas grandes e pequenas&#8221;&nbsp;da Compa\u00f1\u00eda Tropa de TrapoComezar\u00e1&nbsp;\u00e1s [&hellip;]<\/p>\n","protected":false},"author":2,"featured_media":0,"comment_status":"closed","ping_status":"closed","sticky":false,"template":"","format":"standard","meta":{"footnotes":""},"categories":[38],"tags":[],"_links":{"self":[{"href":"https:\/\/anpagarciabarbon.org\/index.php?rest_route=\/wp\/v2\/posts\/4459"}],"collection":[{"href":"https:\/\/anpagarciabarbon.org\/index.php?rest_route=\/wp\/v2\/posts"}],"about":[{"href":"https:\/\/anpagarciabarbon.org\/index.php?rest_route=\/wp\/v2\/types\/post"}],"author":[{"embeddable":true,"href":"https:\/\/anpagarciabarbon.org\/index.php?rest_route=\/wp\/v2\/users\/2"}],"replies":[{"embeddable":true,"href":"https:\/\/anpagarciabarbon.org\/index.php?rest_route=%2Fwp%2Fv2%2Fcomments&post=4459"}],"version-history":[{"count":6,"href":"https:\/\/anpagarciabarbon.org\/index.php?rest_route=\/wp\/v2\/posts\/4459\/revisions"}],"predecessor-version":[{"id":4564,"href":"https:\/\/anpagarciabarbon.org\/index.php?rest_route=\/wp\/v2\/posts\/4459\/revisions\/4564"}],"wp:attachment":[{"href":"https:\/\/anpagarciabarbon.org\/index.php?rest_route=%2Fwp%2Fv2%2Fmedia&parent=4459"}],"wp:term":[{"taxonomy":"category","embeddable":true,"href":"https:\/\/anpagarciabarbon.org\/index.php?rest_route=%2Fwp%2Fv2%2Fcategories&post=4459"},{"taxonomy":"post_tag","embeddable":true,"href":"https:\/\/anpagarciabarbon.org\/index.php?rest_route=%2Fwp%2Fv2%2Ftags&post=4459"}],"curies":[{"name":"wp","href":"https:\/\/api.w.org\/{rel}","templated":true}]}}