{"id":4455,"date":"2023-11-02T16:11:03","date_gmt":"2023-11-02T14:11:03","guid":{"rendered":"http:\/\/anpagarciabarbon.org\/?p=4455"},"modified":"2024-01-10T11:02:40","modified_gmt":"2024-01-10T09:02:40","slug":"coeducando-na-barxa-2","status":"publish","type":"post","link":"https:\/\/anpagarciabarbon.org\/?p=4455","title":{"rendered":"Coeducando na barxa"},"content":{"rendered":"\n<figure class=\"wp-block-image size-full\"><img loading=\"lazy\" decoding=\"async\" width=\"940\" height=\"788\" src=\"http:\/\/anpagarciabarbon.org\/wp-content\/uploads\/2023\/11\/Untitled-design-2.png\" alt=\"\" class=\"wp-image-4566\" srcset=\"https:\/\/anpagarciabarbon.org\/wp-content\/uploads\/2023\/11\/Untitled-design-2.png 940w, https:\/\/anpagarciabarbon.org\/wp-content\/uploads\/2023\/11\/Untitled-design-2-300x251.png 300w, https:\/\/anpagarciabarbon.org\/wp-content\/uploads\/2023\/11\/Untitled-design-2-768x644.png 768w\" sizes=\"(max-width: 940px) 100vw, 940px\" \/><\/figure>\n\n\n\n<p>O videiro xoves 16 de novembro ter\u00e1 lugar no colexio unha charla sobre&nbsp;<strong>&#8220;Prevenci\u00f3n da violencia de x\u00e9nero dende a infancia&#8221;<\/strong>&nbsp;en colaboraci\u00f3n coa Asociaci\u00f3n de Mulleres en igualdade de Vigo e despois faremos un pequeno coloquio para falar do tema.<br>Comezar\u00e1&nbsp;<strong>\u00e1s 18.00<\/strong>&nbsp;e&nbsp;<strong>est\u00e1 destinado a todas as familias do cole.<\/strong><br>Podedes inscribiros a trav\u00e9s de:&nbsp;<\/p>\n\n\n\n<ul>\n<li>Correo anpa.garcia.barbon@gamil.com<\/li>\n\n\n\n<li>Whatsapp o 660 17 52&nbsp; 15<\/li>\n<\/ul>\n","protected":false},"excerpt":{"rendered":"<p>O videiro xoves 16 de novembro ter\u00e1 lugar no colexio unha charla sobre&nbsp;&#8220;Prevenci\u00f3n da violencia de x\u00e9nero dende a infancia&#8221;&nbsp;en colaboraci\u00f3n coa Asociaci\u00f3n de Mulleres en igualdade de Vigo e [&hellip;]<\/p>\n","protected":false},"author":2,"featured_media":0,"comment_status":"closed","ping_status":"closed","sticky":false,"template":"","format":"standard","meta":{"footnotes":""},"categories":[38],"tags":[],"_links":{"self":[{"href":"https:\/\/anpagarciabarbon.org\/index.php?rest_route=\/wp\/v2\/posts\/4455"}],"collection":[{"href":"https:\/\/anpagarciabarbon.org\/index.php?rest_route=\/wp\/v2\/posts"}],"about":[{"href":"https:\/\/anpagarciabarbon.org\/index.php?rest_route=\/wp\/v2\/types\/post"}],"author":[{"embeddable":true,"href":"https:\/\/anpagarciabarbon.org\/index.php?rest_route=\/wp\/v2\/users\/2"}],"replies":[{"embeddable":true,"href":"https:\/\/anpagarciabarbon.org\/index.php?rest_route=%2Fwp%2Fv2%2Fcomments&post=4455"}],"version-history":[{"count":2,"href":"https:\/\/anpagarciabarbon.org\/index.php?rest_route=\/wp\/v2\/posts\/4455\/revisions"}],"predecessor-version":[{"id":4567,"href":"https:\/\/anpagarciabarbon.org\/index.php?rest_route=\/wp\/v2\/posts\/4455\/revisions\/4567"}],"wp:attachment":[{"href":"https:\/\/anpagarciabarbon.org\/index.php?rest_route=%2Fwp%2Fv2%2Fmedia&parent=4455"}],"wp:term":[{"taxonomy":"category","embeddable":true,"href":"https:\/\/anpagarciabarbon.org\/index.php?rest_route=%2Fwp%2Fv2%2Fcategories&post=4455"},{"taxonomy":"post_tag","embeddable":true,"href":"https:\/\/anpagarciabarbon.org\/index.php?rest_route=%2Fwp%2Fv2%2Ftags&post=4455"}],"curies":[{"name":"wp","href":"https:\/\/api.w.org\/{rel}","templated":true}]}}