{"id":4102,"date":"2023-05-29T14:41:35","date_gmt":"2023-05-29T12:41:35","guid":{"rendered":"http:\/\/anpagarciabarbon.org\/?p=4102"},"modified":"2023-09-08T14:29:26","modified_gmt":"2023-09-08T12:29:26","slug":"inscripcion-socios-as-curso-2023-2024","status":"publish","type":"post","link":"https:\/\/anpagarciabarbon.org\/?p=4102","title":{"rendered":"Inscripci\u00f3n socios\/as curso 2023-2024"},"content":{"rendered":"\n<figure class=\"wp-block-image size-large\"><img loading=\"lazy\" decoding=\"async\" width=\"724\" height=\"1024\" src=\"http:\/\/anpagarciabarbon.org\/wp-content\/uploads\/2023\/05\/Poster-Inscripcion-campamento-de-verano-amarillo-724x1024.png\" alt=\"\" class=\"wp-image-4105\" srcset=\"https:\/\/anpagarciabarbon.org\/wp-content\/uploads\/2023\/05\/Poster-Inscripcion-campamento-de-verano-amarillo-724x1024.png 724w, https:\/\/anpagarciabarbon.org\/wp-content\/uploads\/2023\/05\/Poster-Inscripcion-campamento-de-verano-amarillo-212x300.png 212w, https:\/\/anpagarciabarbon.org\/wp-content\/uploads\/2023\/05\/Poster-Inscripcion-campamento-de-verano-amarillo-768x1086.png 768w, https:\/\/anpagarciabarbon.org\/wp-content\/uploads\/2023\/05\/Poster-Inscripcion-campamento-de-verano-amarillo-543x768.png 543w, https:\/\/anpagarciabarbon.org\/wp-content\/uploads\/2023\/05\/Poster-Inscripcion-campamento-de-verano-amarillo-1086x1536.png 1086w, https:\/\/anpagarciabarbon.org\/wp-content\/uploads\/2023\/05\/Poster-Inscripcion-campamento-de-verano-amarillo-1448x2048.png 1448w, https:\/\/anpagarciabarbon.org\/wp-content\/uploads\/2023\/05\/Poster-Inscripcion-campamento-de-verano-amarillo.png 1587w\" sizes=\"(max-width: 724px) 100vw, 724px\" \/><\/figure>\n\n\n\n<h2 class=\"wp-block-heading\"><strong>\u00c1brese o prazo para solicitar comedor desde o 1 de setembro ata o 7 de setembro \u00e1s 14.00h<br>Todas as familias que xa fixestes tanto a renovaci\u00f3n como a inscrici\u00f3n en xu\u00f1o non tedes que volver facela<\/strong><\/h2>\n\n\n\n<p>Lembr\u00e1mosvos que&nbsp;<strong>as clases comezan o 11 de setembro<\/strong>&nbsp;pero as familias de 4\u00ba de infantil te\u00f1en&nbsp;<strong>un per\u00edodo de adaptaci\u00f3n.<\/strong><\/p>\n\n\n\n<p>Podedes facer a inscrici\u00f3n na seguinte ligaz\u00f3n:<\/p>\n\n\n\n<figure class=\"wp-block-embed\"><div class=\"wp-block-embed__wrapper\">\nhttps:\/\/forms.gle\/7X2421oVVGsKtxgp8\n<\/div><\/figure>\n\n\n\n<p>Lembr\u00e1mosvos que as clases comezan o 11 de setembro pero as familias de 4\u00ba de infantil te\u00f1en&nbsp;<strong>un per\u00edodo de adaptaci\u00f3n.<\/strong><\/p>\n\n\n\n<p><strong>As familias que xa fixestes a renovaci\u00f3n de comedor non tedes que facer nada m\u00e1is.<\/strong><\/p>\n\n\n\n<p><br>Podedes facer a inscrici\u00f3n na seguinte ligaz\u00f3n:<\/p>\n\n\n\n<p><a href=\"https:\/\/forms.gle\/7X2421oVVGsKtxgp8\">https:\/\/forms.gle\/7X2421oVVGsKtxgp8<\/a><\/p>\n","protected":false},"excerpt":{"rendered":"<p>\u00c1brese o prazo para solicitar comedor desde o 1 de setembro ata o 7 de setembro \u00e1s 14.00hTodas as familias que xa fixestes tanto a renovaci\u00f3n como a inscrici\u00f3n en [&hellip;]<\/p>\n","protected":false},"author":2,"featured_media":0,"comment_status":"closed","ping_status":"closed","sticky":false,"template":"","format":"standard","meta":{"footnotes":""},"categories":[27,3,7],"tags":[],"_links":{"self":[{"href":"https:\/\/anpagarciabarbon.org\/index.php?rest_route=\/wp\/v2\/posts\/4102"}],"collection":[{"href":"https:\/\/anpagarciabarbon.org\/index.php?rest_route=\/wp\/v2\/posts"}],"about":[{"href":"https:\/\/anpagarciabarbon.org\/index.php?rest_route=\/wp\/v2\/types\/post"}],"author":[{"embeddable":true,"href":"https:\/\/anpagarciabarbon.org\/index.php?rest_route=\/wp\/v2\/users\/2"}],"replies":[{"embeddable":true,"href":"https:\/\/anpagarciabarbon.org\/index.php?rest_route=%2Fwp%2Fv2%2Fcomments&post=4102"}],"version-history":[{"count":5,"href":"https:\/\/anpagarciabarbon.org\/index.php?rest_route=\/wp\/v2\/posts\/4102\/revisions"}],"predecessor-version":[{"id":4271,"href":"https:\/\/anpagarciabarbon.org\/index.php?rest_route=\/wp\/v2\/posts\/4102\/revisions\/4271"}],"wp:attachment":[{"href":"https:\/\/anpagarciabarbon.org\/index.php?rest_route=%2Fwp%2Fv2%2Fmedia&parent=4102"}],"wp:term":[{"taxonomy":"category","embeddable":true,"href":"https:\/\/anpagarciabarbon.org\/index.php?rest_route=%2Fwp%2Fv2%2Fcategories&post=4102"},{"taxonomy":"post_tag","embeddable":true,"href":"https:\/\/anpagarciabarbon.org\/index.php?rest_route=%2Fwp%2Fv2%2Ftags&post=4102"}],"curies":[{"name":"wp","href":"https:\/\/api.w.org\/{rel}","templated":true}]}}