{"id":3761,"date":"2023-01-30T12:11:12","date_gmt":"2023-01-30T12:11:12","guid":{"rendered":"http:\/\/anpagarciabarbon.org\/?p=3761"},"modified":"2023-03-02T18:16:23","modified_gmt":"2023-03-02T18:16:23","slug":"xxxi-cross-escolar-parroco-don-camilo","status":"publish","type":"post","link":"https:\/\/anpagarciabarbon.org\/?p=3761","title":{"rendered":"XXXI CROSS ESCOLAR P\u00c1RROCO DON CAMILO"},"content":{"rendered":"\n<h1 class=\"wp-block-heading\"><\/h1>\n\n\n\n<p>A <strong>A.N.P.A. <\/strong>do <strong>C.E.I.P. Pluriling\u00fce P\u00e1rroco Don Camilo<\/strong>, coa colaboraci\u00f3n do <strong>C.E.I.P. P\u00e1rroco Don Camilo, Concello de Vigo <\/strong>e <strong>Agrupaci\u00f3n X\u00f3venes Atletas<\/strong>, organiza o XXXI Cross Escolar P\u00e1rroco Don Camilo, que se celebrar\u00e1 o d\u00eda <strong>12 de marzo de 2023 <\/strong>a partir das 10:30 horas no propio centro escolar e transcorrer\u00e1 polos arredores de San Andr\u00e9s de Comesa\u00f1a.<\/p>\n\n\n\n<ul><li>Nas carreiras poder\u00e1n participar t\u00f3dolos nenos e nenas nados entre o anos 2009 e 2019, ambos inclusive. T\u00f3dolos participantes estar\u00e1n asegurados cun seguro de accidentes contra\u00eddo por esta A.N.P.A.<\/li><\/ul>\n\n\n\n<ul><li>As inscrici\u00f3ns, son de balde, deber\u00e1n facerse na p\u00e1xina <a href=\"http:\/\/www.anpaparrocodoncamilo.org\/\">www.anpaparrocodoncamilo.org<\/a> po\u00f1endo o nome e apelidos, a data de nacemento e o colexio ou club. A inscrici\u00f3n de t\u00f3dalas categor\u00edas pecharase sen excepci\u00f3n \u00e1s 00:00 horas do d\u00eda 09 de marzo de 2023. Toda solicitude de inscrici\u00f3n chegada con posterioridade a data peche ser\u00e1 rexeitada.<\/li><\/ul>\n\n\n\n<ul><li>A ANPA do CEIP pluriling\u00fce P\u00e1rroco Don Camilo non se responsabiliza dos danos f\u00edsicos e\/ou morais sufridos como consecuencia da participaci\u00f3n nesta proba. Todo participante no XXXI Cross Escolar P\u00e1rroco Don Camilo acepta sen reserva algunha todo o reflectido neste regulamente. As\u00ed mesmo, consinte na toma de imaxes, que pasar\u00e1n a formar parte de p\u00e1xina web <a href=\"http:\/\/www.anpaparrocodoncamilo.org\/\">www.anpaparrocodoncamilo.org<\/a> , e \u00e1s que se lles poder\u00e1 dar uso para a promoci\u00f3n das actividades organizadas por esta ANPA.<\/li><\/ul>\n\n\n\n<ul><li>Os dorsais ser\u00e1n entregados pola organizaci\u00f3n na zona de sa\u00edda da proba, sita no interior do recinto escolar, ata media hora antes do comezo da proba da categor\u00eda correspondente.<\/li><\/ul>\n\n\n\n<ul><li>Entregaranse trofeos \u00f3s primeiros clasificados de cada categor\u00eda, en ambos sexos, e medallas a todos participantes. Tam\u00e9n haber\u00e1 un especial reco\u00f1ecemento para o colexio con mais participaci\u00f3n na proba.<\/li><\/ul>\n\n\n\n<ul><li>Na carreira de nais e pa\u00eds, s\u00f3 poder\u00e1n participar nais e pais que te\u00f1an nenos ou nenas que participen neste cross.<\/li><\/ul>\n\n\n\n<ul><li>As categor\u00edas en competici\u00f3n, orde de sa\u00edda e distancias ser\u00e1n as seguintes. (Dependendo do n\u00famero de participantes, poder\u00e1n agruparse varias categor\u00edas nunha mesma carreira):<\/li><\/ul>\n\n\n\n<h1 class=\"wp-block-heading\">XXXI CROSS ESCOLAR \u201cP\u00c1RROCO DON CAMILO\u201d ORGANIZA A.N.P.A. DO C.E.I.P. P\u00c1RROCO DON CAMILO<\/h1>\n\n\n\n<p><strong>D\u00eda 12 de marzo de 2023<\/strong><\/p>\n\n\n\n<figure class=\"wp-block-table is-style-stripes\"><table><tbody><tr><td>Sub 14 <strong>Infantil <\/strong>masculino<\/td><td>2010 &#8211; 2011<\/td><td>1600 metros<\/td><td>10:30<\/td><\/tr><tr><td>Sub 14 <strong>Infantil <\/strong>feminino<\/td><td>2010 &#8211; 2011<\/td><td>1600 metros<\/td><td>10:45<\/td><\/tr><tr><td>Sub 12 <strong>Alev\u00edn <\/strong>masculino<\/td><td>2012 &#8211; 2013<\/td><td>1100 metros<\/td><td>11:00<\/td><\/tr><tr><td>Sub 12 <strong>Alev\u00edn <\/strong>feminino<\/td><td>2012 &#8211; 2013<\/td><td>1100 metros<\/td><td>11.10<\/td><\/tr><tr><td>Sub 10 <strong>Benxam\u00edn <\/strong>masculino<\/td><td>2014 &#8211; 2015<\/td><td>800 metros<\/td><td>11:20<\/td><\/tr><tr><td>Sub 10 <strong>Benxam\u00edn <\/strong>feminino<\/td><td>2014 &#8211; 2015<\/td><td>800 metros<\/td><td>11:30<\/td><\/tr><tr><td>Pais<\/td><td>&nbsp;<\/td><td>1100 metros<\/td><td>11:40<\/td><\/tr><tr><td>Nais<\/td><td>&nbsp;<\/td><td>800 metros<\/td><td>11:45<\/td><\/tr><tr><td>Sub 8 <strong>Prebenxam\u00edn <\/strong>masculino<\/td><td>2016 &#8211; 2017<\/td><td>500 metros<\/td><td>12:05<\/td><\/tr><tr><td>Sub 8 <strong>Prebenxamin <\/strong>feminino<\/td><td>2016 &#8211; 2017<\/td><td>500 metros<\/td><td>12:15<\/td><\/tr><tr><td><strong>Pitufos <\/strong>masculinos<\/td><td>2018 &#8211; 2019<\/td><td>200 metros<\/td><td>12:25<\/td><\/tr><tr><td><strong>Pitufos <\/strong>femininos<\/td><td>2018- 2019<\/td><td>200 metros<\/td><td>12:35<\/td><\/tr><tr><td><strong>Ol\u00edmpicos <\/strong>masculinos<\/td><td>+2020<\/td><td>100 metros<\/td><td>12:40<\/td><\/tr><tr><td><strong>Ol\u00edmpicos <\/strong>femininos<\/td><td>+2020<\/td><td>100 metros<\/td><td>12:50<\/td><\/tr><tr><td>Entrega de trofeos<\/td><td>&nbsp;<\/td><td>&nbsp;<\/td><td>13:00<\/td><\/tr><\/tbody><\/table><\/figure>\n\n\n\n<p>CIRCU\u00cdTO 2023<\/p>\n\n\n\n<figure class=\"wp-block-image size-large\"><img loading=\"lazy\" decoding=\"async\" width=\"1024\" height=\"754\" src=\"http:\/\/anpagarciabarbon.org\/wp-content\/uploads\/2023\/01\/image-1024x754.png\" alt=\"\" class=\"wp-image-3762\" srcset=\"https:\/\/anpagarciabarbon.org\/wp-content\/uploads\/2023\/01\/image-1024x754.png 1024w, https:\/\/anpagarciabarbon.org\/wp-content\/uploads\/2023\/01\/image-300x221.png 300w, https:\/\/anpagarciabarbon.org\/wp-content\/uploads\/2023\/01\/image-768x565.png 768w, https:\/\/anpagarciabarbon.org\/wp-content\/uploads\/2023\/01\/image-408x300.png 408w, https:\/\/anpagarciabarbon.org\/wp-content\/uploads\/2023\/01\/image.png 1080w\" sizes=\"(max-width: 1024px) 100vw, 1024px\" \/><\/figure>\n","protected":false},"excerpt":{"rendered":"<p>A A.N.P.A. do C.E.I.P. Pluriling\u00fce P\u00e1rroco Don Camilo, coa colaboraci\u00f3n do C.E.I.P. P\u00e1rroco Don Camilo, Concello de Vigo e Agrupaci\u00f3n X\u00f3venes Atletas, organiza o XXXI Cross Escolar P\u00e1rroco Don Camilo, [&hellip;]<\/p>\n","protected":false},"author":2,"featured_media":0,"comment_status":"closed","ping_status":"closed","sticky":false,"template":"","format":"standard","meta":{"footnotes":""},"categories":[2,9],"tags":[],"_links":{"self":[{"href":"https:\/\/anpagarciabarbon.org\/index.php?rest_route=\/wp\/v2\/posts\/3761"}],"collection":[{"href":"https:\/\/anpagarciabarbon.org\/index.php?rest_route=\/wp\/v2\/posts"}],"about":[{"href":"https:\/\/anpagarciabarbon.org\/index.php?rest_route=\/wp\/v2\/types\/post"}],"author":[{"embeddable":true,"href":"https:\/\/anpagarciabarbon.org\/index.php?rest_route=\/wp\/v2\/users\/2"}],"replies":[{"embeddable":true,"href":"https:\/\/anpagarciabarbon.org\/index.php?rest_route=%2Fwp%2Fv2%2Fcomments&post=3761"}],"version-history":[{"count":2,"href":"https:\/\/anpagarciabarbon.org\/index.php?rest_route=\/wp\/v2\/posts\/3761\/revisions"}],"predecessor-version":[{"id":3764,"href":"https:\/\/anpagarciabarbon.org\/index.php?rest_route=\/wp\/v2\/posts\/3761\/revisions\/3764"}],"wp:attachment":[{"href":"https:\/\/anpagarciabarbon.org\/index.php?rest_route=%2Fwp%2Fv2%2Fmedia&parent=3761"}],"wp:term":[{"taxonomy":"category","embeddable":true,"href":"https:\/\/anpagarciabarbon.org\/index.php?rest_route=%2Fwp%2Fv2%2Fcategories&post=3761"},{"taxonomy":"post_tag","embeddable":true,"href":"https:\/\/anpagarciabarbon.org\/index.php?rest_route=%2Fwp%2Fv2%2Ftags&post=3761"}],"curies":[{"name":"wp","href":"https:\/\/api.w.org\/{rel}","templated":true}]}}