{"id":3748,"date":"2023-01-19T15:39:39","date_gmt":"2023-01-19T15:39:39","guid":{"rendered":"http:\/\/anpagarciabarbon.org\/?p=3748"},"modified":"2023-03-02T18:16:36","modified_gmt":"2023-03-02T18:16:36","slug":"enquisa","status":"publish","type":"post","link":"https:\/\/anpagarciabarbon.org\/?p=3748","title":{"rendered":"Enquisa"},"content":{"rendered":"\n<figure class=\"wp-block-gallery columns-1 is-cropped wp-block-gallery-1 is-layout-flex wp-block-gallery-is-layout-flex\"><ul class=\"blocks-gallery-grid\"><li class=\"blocks-gallery-item\"><figure><img loading=\"lazy\" decoding=\"async\" width=\"425\" height=\"282\" src=\"http:\/\/anpagarciabarbon.org\/wp-content\/uploads\/2023\/01\/ankieta.jpg\" alt=\"\" data-id=\"3749\" data-full-url=\"http:\/\/anpagarciabarbon.org\/wp-content\/uploads\/2023\/01\/ankieta.jpg\" data-link=\"http:\/\/anpagarciabarbon.org\/?attachment_id=3749\" class=\"wp-image-3749\" srcset=\"https:\/\/anpagarciabarbon.org\/wp-content\/uploads\/2023\/01\/ankieta.jpg 425w, https:\/\/anpagarciabarbon.org\/wp-content\/uploads\/2023\/01\/ankieta-300x199.jpg 300w\" sizes=\"(max-width: 425px) 100vw, 425px\" \/><\/figure><\/li><\/ul><\/figure>\n\n\n\n<p>A trav\u00e9s da presente enquisa, desexamos co\u00f1ecer o grao de satisfacci\u00f3n das familias, co fin de co\u00f1ecer a s\u00faa opini\u00f3n sobre aspectos relacionados cos&nbsp;servizos complementarios do centro e recoller suxerencias e aspecto de melloras.&nbsp;<\/p>\n\n\n\n<p>Esta enquisa \u00e9 de car\u00e1cter an\u00f3nimo.<\/p>\n\n\n\n<p>R\u00f3gase por favor, a m\u00e1xima participaci\u00f3n na elaboraci\u00f3n desta enquisa dada a s\u00faa importancia, terase en conta todas as achegas e suxerencias.&nbsp;<\/p>\n\n\n\n<p>Dos resultados obtidos, depender\u00e1n acci\u00f3ns futuras.<\/p>\n\n\n\n<p><a href=\"https:\/\/forms.gle\/ZXiyfrt3yKkT6wbN6\">https:\/\/forms.gle\/ZXiyfrt3yKkT6wbN6<\/a><\/p>\n","protected":false},"excerpt":{"rendered":"<p>A trav\u00e9s da presente enquisa, desexamos co\u00f1ecer o grao de satisfacci\u00f3n das familias, co fin de co\u00f1ecer a s\u00faa opini\u00f3n sobre aspectos relacionados cos&nbsp;servizos complementarios do centro e recoller suxerencias [&hellip;]<\/p>\n","protected":false},"author":2,"featured_media":0,"comment_status":"closed","ping_status":"closed","sticky":false,"template":"","format":"standard","meta":{"footnotes":""},"categories":[3],"tags":[],"_links":{"self":[{"href":"https:\/\/anpagarciabarbon.org\/index.php?rest_route=\/wp\/v2\/posts\/3748"}],"collection":[{"href":"https:\/\/anpagarciabarbon.org\/index.php?rest_route=\/wp\/v2\/posts"}],"about":[{"href":"https:\/\/anpagarciabarbon.org\/index.php?rest_route=\/wp\/v2\/types\/post"}],"author":[{"embeddable":true,"href":"https:\/\/anpagarciabarbon.org\/index.php?rest_route=\/wp\/v2\/users\/2"}],"replies":[{"embeddable":true,"href":"https:\/\/anpagarciabarbon.org\/index.php?rest_route=%2Fwp%2Fv2%2Fcomments&post=3748"}],"version-history":[{"count":1,"href":"https:\/\/anpagarciabarbon.org\/index.php?rest_route=\/wp\/v2\/posts\/3748\/revisions"}],"predecessor-version":[{"id":3750,"href":"https:\/\/anpagarciabarbon.org\/index.php?rest_route=\/wp\/v2\/posts\/3748\/revisions\/3750"}],"wp:attachment":[{"href":"https:\/\/anpagarciabarbon.org\/index.php?rest_route=%2Fwp%2Fv2%2Fmedia&parent=3748"}],"wp:term":[{"taxonomy":"category","embeddable":true,"href":"https:\/\/anpagarciabarbon.org\/index.php?rest_route=%2Fwp%2Fv2%2Fcategories&post=3748"},{"taxonomy":"post_tag","embeddable":true,"href":"https:\/\/anpagarciabarbon.org\/index.php?rest_route=%2Fwp%2Fv2%2Ftags&post=3748"}],"curies":[{"name":"wp","href":"https:\/\/api.w.org\/{rel}","templated":true}]}}