{"id":2920,"date":"2021-09-15T14:16:27","date_gmt":"2021-09-15T14:16:27","guid":{"rendered":"http:\/\/anpagarciabarbon.org\/?p=2920"},"modified":"2021-10-26T14:14:17","modified_gmt":"2021-10-26T14:14:17","slug":"inscripcion-extraescolares-do-15-ao-22-de-setembro","status":"publish","type":"post","link":"https:\/\/anpagarciabarbon.org\/?p=2920","title":{"rendered":"Inscripci\u00f3n Extraescolares do 15 ao 22 de setembro"},"content":{"rendered":"\n<figure class=\"wp-block-gallery columns-1 is-cropped wp-block-gallery-1 is-layout-flex wp-block-gallery-is-layout-flex\"><ul class=\"blocks-gallery-grid\"><li class=\"blocks-gallery-item\"><figure><img loading=\"lazy\" decoding=\"async\" width=\"800\" height=\"399\" src=\"http:\/\/anpagarciabarbon.org\/wp-content\/uploads\/2021\/09\/actividades-extraescolares-1.jpg\" alt=\"\" data-id=\"2921\" data-full-url=\"http:\/\/anpagarciabarbon.org\/wp-content\/uploads\/2021\/09\/actividades-extraescolares-1.jpg\" data-link=\"http:\/\/anpagarciabarbon.org\/?attachment_id=2921\" class=\"wp-image-2921\" srcset=\"https:\/\/anpagarciabarbon.org\/wp-content\/uploads\/2021\/09\/actividades-extraescolares-1.jpg 800w, https:\/\/anpagarciabarbon.org\/wp-content\/uploads\/2021\/09\/actividades-extraescolares-1-300x150.jpg 300w, https:\/\/anpagarciabarbon.org\/wp-content\/uploads\/2021\/09\/actividades-extraescolares-1-768x383.jpg 768w, https:\/\/anpagarciabarbon.org\/wp-content\/uploads\/2021\/09\/actividades-extraescolares-1-500x249.jpg 500w\" sizes=\"(max-width: 800px) 100vw, 800px\" \/><\/figure><\/li><\/ul><\/figure>\n\n\n\n<p>Boas tardes,<br>mand\u00e1mosvos ligaz\u00f3n para inscribirse nas actividades extraescolares organizadas polo ANPA.<br><strong>A INSCRICI\u00d3N \u00c9 DESDE O 15 DE SETEMBRO ATA O 22 DE SETEMBRO<\/strong><br>A actividade de esgrima ao final este ano non vai poder facerse.<br>Teatro 1 d\u00eda \u00e1 semana 15\u20ac , no cadro que se enviou a semana pasada o prezo era erroneo.<br>En multideporte debedes escoller un dos dous d\u00edas.<br><strong>AS PRAZAS DAS ACTIVIDADES SON LIMITADAS E ASIGNAR\u00c1NSE POR RIGUROSA ORDE DE INSCRIPCI\u00d3N<\/strong><\/p>\n\n\n\n<p><\/p>\n","protected":false},"excerpt":{"rendered":"<p>Boas tardes,mand\u00e1mosvos ligaz\u00f3n para inscribirse nas actividades extraescolares organizadas polo ANPA.A INSCRICI\u00d3N \u00c9 DESDE O 15 DE SETEMBRO ATA O 22 DE SETEMBROA actividade de esgrima ao final este ano [&hellip;]<\/p>\n","protected":false},"author":2,"featured_media":0,"comment_status":"closed","ping_status":"closed","sticky":false,"template":"","format":"standard","meta":{"footnotes":""},"categories":[2],"tags":[],"_links":{"self":[{"href":"https:\/\/anpagarciabarbon.org\/index.php?rest_route=\/wp\/v2\/posts\/2920"}],"collection":[{"href":"https:\/\/anpagarciabarbon.org\/index.php?rest_route=\/wp\/v2\/posts"}],"about":[{"href":"https:\/\/anpagarciabarbon.org\/index.php?rest_route=\/wp\/v2\/types\/post"}],"author":[{"embeddable":true,"href":"https:\/\/anpagarciabarbon.org\/index.php?rest_route=\/wp\/v2\/users\/2"}],"replies":[{"embeddable":true,"href":"https:\/\/anpagarciabarbon.org\/index.php?rest_route=%2Fwp%2Fv2%2Fcomments&post=2920"}],"version-history":[{"count":3,"href":"https:\/\/anpagarciabarbon.org\/index.php?rest_route=\/wp\/v2\/posts\/2920\/revisions"}],"predecessor-version":[{"id":2947,"href":"https:\/\/anpagarciabarbon.org\/index.php?rest_route=\/wp\/v2\/posts\/2920\/revisions\/2947"}],"wp:attachment":[{"href":"https:\/\/anpagarciabarbon.org\/index.php?rest_route=%2Fwp%2Fv2%2Fmedia&parent=2920"}],"wp:term":[{"taxonomy":"category","embeddable":true,"href":"https:\/\/anpagarciabarbon.org\/index.php?rest_route=%2Fwp%2Fv2%2Fcategories&post=2920"},{"taxonomy":"post_tag","embeddable":true,"href":"https:\/\/anpagarciabarbon.org\/index.php?rest_route=%2Fwp%2Fv2%2Ftags&post=2920"}],"curies":[{"name":"wp","href":"https:\/\/api.w.org\/{rel}","templated":true}]}}