{"id":2910,"date":"2021-09-10T14:32:20","date_gmt":"2021-09-10T14:32:20","guid":{"rendered":"http:\/\/anpagarciabarbon.org\/?p=2910"},"modified":"2021-10-26T14:17:26","modified_gmt":"2021-10-26T14:17:26","slug":"actividades-extraescolares","status":"publish","type":"post","link":"https:\/\/anpagarciabarbon.org\/?p=2910","title":{"rendered":"Actividades Extraescolares"},"content":{"rendered":"\n<figure class=\"wp-block-image size-large\"><img loading=\"lazy\" decoding=\"async\" width=\"800\" height=\"399\" src=\"http:\/\/anpagarciabarbon.org\/wp-content\/uploads\/2021\/09\/actividades-extraescolares.jpg\" alt=\"\" class=\"wp-image-2912\" srcset=\"https:\/\/anpagarciabarbon.org\/wp-content\/uploads\/2021\/09\/actividades-extraescolares.jpg 800w, https:\/\/anpagarciabarbon.org\/wp-content\/uploads\/2021\/09\/actividades-extraescolares-300x150.jpg 300w, https:\/\/anpagarciabarbon.org\/wp-content\/uploads\/2021\/09\/actividades-extraescolares-768x383.jpg 768w, https:\/\/anpagarciabarbon.org\/wp-content\/uploads\/2021\/09\/actividades-extraescolares-500x249.jpg 500w\" sizes=\"(max-width: 800px) 100vw, 800px\" \/><\/figure>\n\n\n\n<p>O cadro de actividades extraescolares para o curso 21-22 est\u00e1<strong>\u00a0pendente de aprobaci\u00f3n<\/strong>\u00a0por parte do\u00a0 Consello escolar,<strong>as actividades que se realizan dentro do Centro escolar,<\/strong>\u00a0 tal como indica o protocolo da Xunta.En canto te\u00f1amos a aprobaci\u00f3n indicarase \u00e1s familias cando poden comezar a inscribirse nas actividades.<br>Indicarase polos medios habituais: RSS, p\u00e1xina web da ANPA e aplicai\u00f3n da ANPA.\u00a0<\/p>\n\n\n\n<div class=\"wp-block-file\"><a href=\"http:\/\/anpagarciabarbon.org\/wp-content\/uploads\/2021\/10\/Cuadro-actividades-21-22.pdf\">Cuadro-actividades-21-22<\/a><a href=\"http:\/\/anpagarciabarbon.org\/wp-content\/uploads\/2021\/10\/Cuadro-actividades-21-22.pdf\" class=\"wp-block-file__button\" download>Descarga<\/a><\/div>\n\n\n\n<p><\/p>\n","protected":false},"excerpt":{"rendered":"<p>O cadro de actividades extraescolares para o curso 21-22 est\u00e1\u00a0pendente de aprobaci\u00f3n\u00a0por parte do\u00a0 Consello escolar,as actividades que se realizan dentro do Centro escolar,\u00a0 tal como indica o protocolo da [&hellip;]<\/p>\n","protected":false},"author":2,"featured_media":0,"comment_status":"closed","ping_status":"closed","sticky":false,"template":"","format":"standard","meta":{"footnotes":""},"categories":[2],"tags":[],"_links":{"self":[{"href":"https:\/\/anpagarciabarbon.org\/index.php?rest_route=\/wp\/v2\/posts\/2910"}],"collection":[{"href":"https:\/\/anpagarciabarbon.org\/index.php?rest_route=\/wp\/v2\/posts"}],"about":[{"href":"https:\/\/anpagarciabarbon.org\/index.php?rest_route=\/wp\/v2\/types\/post"}],"author":[{"embeddable":true,"href":"https:\/\/anpagarciabarbon.org\/index.php?rest_route=\/wp\/v2\/users\/2"}],"replies":[{"embeddable":true,"href":"https:\/\/anpagarciabarbon.org\/index.php?rest_route=%2Fwp%2Fv2%2Fcomments&post=2910"}],"version-history":[{"count":6,"href":"https:\/\/anpagarciabarbon.org\/index.php?rest_route=\/wp\/v2\/posts\/2910\/revisions"}],"predecessor-version":[{"id":2966,"href":"https:\/\/anpagarciabarbon.org\/index.php?rest_route=\/wp\/v2\/posts\/2910\/revisions\/2966"}],"wp:attachment":[{"href":"https:\/\/anpagarciabarbon.org\/index.php?rest_route=%2Fwp%2Fv2%2Fmedia&parent=2910"}],"wp:term":[{"taxonomy":"category","embeddable":true,"href":"https:\/\/anpagarciabarbon.org\/index.php?rest_route=%2Fwp%2Fv2%2Fcategories&post=2910"},{"taxonomy":"post_tag","embeddable":true,"href":"https:\/\/anpagarciabarbon.org\/index.php?rest_route=%2Fwp%2Fv2%2Ftags&post=2910"}],"curies":[{"name":"wp","href":"https:\/\/api.w.org\/{rel}","templated":true}]}}