{"id":2101,"date":"2019-09-05T07:58:24","date_gmt":"2019-09-05T07:58:24","guid":{"rendered":"http:\/\/anpagarciabarbon.org\/?p=2101"},"modified":"2019-09-05T07:58:24","modified_gmt":"2019-09-05T07:58:24","slug":"programa-municipal-escolas-deportivas-2019-2020","status":"publish","type":"post","link":"https:\/\/anpagarciabarbon.org\/?p=2101","title":{"rendered":"PROGRAMA MUNICIPAL ESCOLAS DEPORTIVAS 2019-2020"},"content":{"rendered":"<p>Adxuntamos informaci\u00f3n sobre o programa de escolas deportivas do concello de Vigo,<br \/>\npara os nados entre 2001 e 2013.<br \/>\nPrazos: Entre o 2 e o 6 de septembro para alumnos antigos (ver d\u00edas espec\u00edficos para cada modalidade deportiva), e entre o 11 e o 25 de setembro para alumnos novos (ver d\u00edas espec\u00edficos para cada modalidade deportiva).<\/p>\n<p>Enlace \u00e1 web do concello: <a href=\"https:\/\/sede.vigo.org\/expedientes\/tramites\/tramite.jsp?id_tramite=767&amp;lang=ga\" target=\"_blank\" rel=\"noopener\">Aqui<\/a><br \/>\n<iframe style=\"width: 900px; height: 800px;\" src=\"http:\/\/anpagarciabarbon.org\/wp-content\/uploads\/2019\/09\/Programa_Esc_Deportivas_19-20_web.pdf\" frameborder=\"0\"><span style=\"display: inline-block; width: 0px; overflow: hidden; line-height: 0;\" data-mce-type=\"bookmark\" class=\"mce_SELRES_start\"><\/span><span style=\"display: inline-block; width: 0px; overflow: hidden; line-height: 0;\" data-mce-type=\"bookmark\" class=\"mce_SELRES_start\"><\/span><span style=\"display: inline-block; width: 0px; overflow: hidden; line-height: 0;\" data-mce-type=\"bookmark\" class=\"mce_SELRES_start\"><\/span><\/iframe><\/p>\n","protected":false},"excerpt":{"rendered":"<p>Adxuntamos informaci\u00f3n sobre o programa de escolas deportivas do concello de Vigo, para os nados entre 2001 e 2013. Prazos: Entre o 2 e o 6 de septembro para alumnos [&hellip;]<\/p>\n","protected":false},"author":1,"featured_media":0,"comment_status":"closed","ping_status":"closed","sticky":false,"template":"","format":"standard","meta":{"footnotes":""},"categories":[2,9],"tags":[],"_links":{"self":[{"href":"https:\/\/anpagarciabarbon.org\/index.php?rest_route=\/wp\/v2\/posts\/2101"}],"collection":[{"href":"https:\/\/anpagarciabarbon.org\/index.php?rest_route=\/wp\/v2\/posts"}],"about":[{"href":"https:\/\/anpagarciabarbon.org\/index.php?rest_route=\/wp\/v2\/types\/post"}],"author":[{"embeddable":true,"href":"https:\/\/anpagarciabarbon.org\/index.php?rest_route=\/wp\/v2\/users\/1"}],"replies":[{"embeddable":true,"href":"https:\/\/anpagarciabarbon.org\/index.php?rest_route=%2Fwp%2Fv2%2Fcomments&post=2101"}],"version-history":[{"count":1,"href":"https:\/\/anpagarciabarbon.org\/index.php?rest_route=\/wp\/v2\/posts\/2101\/revisions"}],"predecessor-version":[{"id":2103,"href":"https:\/\/anpagarciabarbon.org\/index.php?rest_route=\/wp\/v2\/posts\/2101\/revisions\/2103"}],"wp:attachment":[{"href":"https:\/\/anpagarciabarbon.org\/index.php?rest_route=%2Fwp%2Fv2%2Fmedia&parent=2101"}],"wp:term":[{"taxonomy":"category","embeddable":true,"href":"https:\/\/anpagarciabarbon.org\/index.php?rest_route=%2Fwp%2Fv2%2Fcategories&post=2101"},{"taxonomy":"post_tag","embeddable":true,"href":"https:\/\/anpagarciabarbon.org\/index.php?rest_route=%2Fwp%2Fv2%2Ftags&post=2101"}],"curies":[{"name":"wp","href":"https:\/\/api.w.org\/{rel}","templated":true}]}}