{"id":2089,"date":"2019-08-28T12:30:28","date_gmt":"2019-08-28T12:30:28","guid":{"rendered":"http:\/\/anpagarciabarbon.org\/?p=2089"},"modified":"2019-08-28T12:30:28","modified_gmt":"2019-08-28T12:30:28","slug":"comunicado-urxente-actividades-extraescolares-suspendidas-ata-xaneiro-2020","status":"publish","type":"post","link":"https:\/\/anpagarciabarbon.org\/?p=2089","title":{"rendered":"COMUNICADO URXENTE &#8211; ACTIVIDADES EXTRAESCOLARES SUSPENDIDAS ATA XANEIRO 2020"},"content":{"rendered":"<h1 style=\"text-align: center;\"><img loading=\"lazy\" decoding=\"async\" class=\"alignleft size-full wp-image-1634\" src=\"http:\/\/anpagarciabarbon.org\/wp-content\/uploads\/2017\/02\/Importante.png\" alt=\"\" width=\"552\" height=\"460\" \/>COMUNICADO URXENTE<\/h1>\n<h2 style=\"text-align: center;\">ASUNTO: ACTIVIDADES EXTARESCOLARES 2019-2020<\/h2>\n<h6 style=\"text-align: center;\">Co motivo das obras de reforma que se est\u00e1n a levar cabo no centro escolar e por motivos de seguridade, dende a ANPA, v\u00e9monos na obriga de suspender as actividades extraescolares que te\u00f1en lugar nas instalaci\u00f3ns do colexio ata o vindeiro de mes de Xaneiro de 2020.<br \/>\nEn canto ao servizo de comedor non haber\u00e1 modificaci\u00f3ns continuando o horario e as datas xa habituais.<\/h6>\n<blockquote>\n<h6 style=\"text-align: center;\"><strong>LEMBRADE: AS ACTIVIDADES<\/strong><br \/>\n<strong>EXTRAESCOLARES A DESENVOLVER NO RECINTO<\/strong><br \/>\n<strong>ESCOLAR QUEDAN SUSPENDIDAS ATA XANEIRO 2020.<\/strong><\/h6>\n<p style=\"text-align: center;\">\n<\/blockquote>\n<h6 style=\"text-align: center;\">Calquera outra nova que te\u00f1amos ao respecto seravos comunicada de inmediato coa<br \/>\nfinalidade de organizar o curso do xeito m\u00e1is favorable ante esta situaci\u00f3n que nos agarda.<br \/>\nUnha vez m\u00e1is, aproveitamos o comunicado para agradecervos a colaboraci\u00f3n en prol dun mellor funcionamento da ANPA. As\u00ed como recordarvos que para calquera d\u00fabida, consulta ou aportaci\u00f3n estamos sempre a vosa disposici\u00f3n.<\/h6>\n<p><a href=\"http:\/\/anpagarciabarbon.org\/wp-content\/uploads\/2019\/08\/comunicado-obras.pdf\" target=\"_blank\" rel=\"noopener\">Descarga aqu\u00ed o comunicado.<\/a><\/p>\n<p><iframe style=\"width: 900px; height: 800px;\" src=\"http:\/\/anpagarciabarbon.org\/wp-content\/uploads\/2019\/08\/comunicado-obras.pdf\" frameborder=\"0\"><span style=\"display: inline-block; width: 0px; overflow: hidden; line-height: 0;\" data-mce-type=\"bookmark\" class=\"mce_SELRES_start\"><\/span><span style=\"display: inline-block; width: 0px; overflow: hidden; line-height: 0;\" data-mce-type=\"bookmark\" class=\"mce_SELRES_start\"><\/span><span style=\"display: inline-block; width: 0px; overflow: hidden; line-height: 0;\" data-mce-type=\"bookmark\" class=\"mce_SELRES_start\"><\/span><\/iframe><\/p>\n","protected":false},"excerpt":{"rendered":"<p>COMUNICADO URXENTE ASUNTO: ACTIVIDADES EXTARESCOLARES 2019-2020 Co motivo das obras de reforma que se est\u00e1n a levar cabo no centro escolar e por motivos de seguridade, dende a ANPA, v\u00e9monos [&hellip;]<\/p>\n","protected":false},"author":1,"featured_media":0,"comment_status":"closed","ping_status":"closed","sticky":false,"template":"","format":"standard","meta":{"footnotes":""},"categories":[2,3,5],"tags":[],"_links":{"self":[{"href":"https:\/\/anpagarciabarbon.org\/index.php?rest_route=\/wp\/v2\/posts\/2089"}],"collection":[{"href":"https:\/\/anpagarciabarbon.org\/index.php?rest_route=\/wp\/v2\/posts"}],"about":[{"href":"https:\/\/anpagarciabarbon.org\/index.php?rest_route=\/wp\/v2\/types\/post"}],"author":[{"embeddable":true,"href":"https:\/\/anpagarciabarbon.org\/index.php?rest_route=\/wp\/v2\/users\/1"}],"replies":[{"embeddable":true,"href":"https:\/\/anpagarciabarbon.org\/index.php?rest_route=%2Fwp%2Fv2%2Fcomments&post=2089"}],"version-history":[{"count":9,"href":"https:\/\/anpagarciabarbon.org\/index.php?rest_route=\/wp\/v2\/posts\/2089\/revisions"}],"predecessor-version":[{"id":2099,"href":"https:\/\/anpagarciabarbon.org\/index.php?rest_route=\/wp\/v2\/posts\/2089\/revisions\/2099"}],"wp:attachment":[{"href":"https:\/\/anpagarciabarbon.org\/index.php?rest_route=%2Fwp%2Fv2%2Fmedia&parent=2089"}],"wp:term":[{"taxonomy":"category","embeddable":true,"href":"https:\/\/anpagarciabarbon.org\/index.php?rest_route=%2Fwp%2Fv2%2Fcategories&post=2089"},{"taxonomy":"post_tag","embeddable":true,"href":"https:\/\/anpagarciabarbon.org\/index.php?rest_route=%2Fwp%2Fv2%2Ftags&post=2089"}],"curies":[{"name":"wp","href":"https:\/\/api.w.org\/{rel}","templated":true}]}}