{"id":2066,"date":"2019-06-14T14:46:46","date_gmt":"2019-06-14T14:46:46","guid":{"rendered":"http:\/\/anpagarciabarbon.org\/?p=2066"},"modified":"2019-06-14T14:46:46","modified_gmt":"2019-06-14T14:46:46","slug":"convocatoria-asamblea-xeral-ordinaria","status":"publish","type":"post","link":"https:\/\/anpagarciabarbon.org\/?p=2066","title":{"rendered":"Convocatoria Asamblea Xeral ordinaria"},"content":{"rendered":"<p>Estimado socio\/a, convoc\u00e1molo\/a \u00e1 Asamblea Xeral Ordinaria da ANPA<br \/>\n\u201cA BARXA\u201d que ter\u00e1 lugar o vindeiro m\u00e9rcores 19 de xu\u00f1o de 2019, \u00e1s<br \/>\n18.00 horas en primeira convocatoria e as 18.30 horas en segunda<br \/>\nconvocatoria na nosa sede social.<\/p>\n<p><a href=\"http:\/\/anpagarciabarbon.org\/wp-content\/uploads\/2019\/06\/asamblea-general-ordinaria.pdf\">Descarga aqu\u00ed a convocatoria da asamblea general ordinara<\/a><\/p>\n<p><iframe style=\"width: 900px; height: 800px;\" src=\"http:\/\/anpagarciabarbon.org\/wp-content\/uploads\/2019\/06\/asamblea-general-ordinaria.pdf\" frameborder=\"0\"><span style=\"display: inline-block; width: 0px; overflow: hidden; line-height: 0;\" data-mce-type=\"bookmark\" class=\"mce_SELRES_start\"><\/span><span style=\"display: inline-block; width: 0px; overflow: hidden; line-height: 0;\" data-mce-type=\"bookmark\" class=\"mce_SELRES_start\"><\/span><span style=\"display: inline-block; width: 0px; overflow: hidden; line-height: 0;\" data-mce-type=\"bookmark\" class=\"mce_SELRES_start\"><\/span><\/iframe><\/p>\n","protected":false},"excerpt":{"rendered":"<p>Estimado socio\/a, convoc\u00e1molo\/a \u00e1 Asamblea Xeral Ordinaria da ANPA \u201cA BARXA\u201d que ter\u00e1 lugar o vindeiro m\u00e9rcores 19 de xu\u00f1o de 2019, \u00e1s 18.00 horas en primeira convocatoria e as [&hellip;]<\/p>\n","protected":false},"author":1,"featured_media":0,"comment_status":"closed","ping_status":"closed","sticky":false,"template":"","format":"standard","meta":{"footnotes":""},"categories":[3],"tags":[],"_links":{"self":[{"href":"https:\/\/anpagarciabarbon.org\/index.php?rest_route=\/wp\/v2\/posts\/2066"}],"collection":[{"href":"https:\/\/anpagarciabarbon.org\/index.php?rest_route=\/wp\/v2\/posts"}],"about":[{"href":"https:\/\/anpagarciabarbon.org\/index.php?rest_route=\/wp\/v2\/types\/post"}],"author":[{"embeddable":true,"href":"https:\/\/anpagarciabarbon.org\/index.php?rest_route=\/wp\/v2\/users\/1"}],"replies":[{"embeddable":true,"href":"https:\/\/anpagarciabarbon.org\/index.php?rest_route=%2Fwp%2Fv2%2Fcomments&post=2066"}],"version-history":[{"count":1,"href":"https:\/\/anpagarciabarbon.org\/index.php?rest_route=\/wp\/v2\/posts\/2066\/revisions"}],"predecessor-version":[{"id":2068,"href":"https:\/\/anpagarciabarbon.org\/index.php?rest_route=\/wp\/v2\/posts\/2066\/revisions\/2068"}],"wp:attachment":[{"href":"https:\/\/anpagarciabarbon.org\/index.php?rest_route=%2Fwp%2Fv2%2Fmedia&parent=2066"}],"wp:term":[{"taxonomy":"category","embeddable":true,"href":"https:\/\/anpagarciabarbon.org\/index.php?rest_route=%2Fwp%2Fv2%2Fcategories&post=2066"},{"taxonomy":"post_tag","embeddable":true,"href":"https:\/\/anpagarciabarbon.org\/index.php?rest_route=%2Fwp%2Fv2%2Ftags&post=2066"}],"curies":[{"name":"wp","href":"https:\/\/api.w.org\/{rel}","templated":true}]}}