{"id":2042,"date":"2019-05-22T21:58:21","date_gmt":"2019-05-22T21:58:21","guid":{"rendered":"http:\/\/anpagarciabarbon.org\/?p=2042"},"modified":"2019-05-22T21:59:44","modified_gmt":"2019-05-22T21:59:44","slug":"2042","status":"publish","type":"post","link":"https:\/\/anpagarciabarbon.org\/?p=2042","title":{"rendered":"Excursi\u00f3n \u00e1s illas C\u00edes"},"content":{"rendered":"<p><img loading=\"lazy\" decoding=\"async\" class=\"alignleft wp-image-2048 size-full\" src=\"http:\/\/anpagarciabarbon.org\/wp-content\/uploads\/2019\/05\/illasCies.jpeg\" alt=\"\" width=\"800\" height=\"594\" srcset=\"https:\/\/anpagarciabarbon.org\/wp-content\/uploads\/2019\/05\/illasCies.jpeg 800w, https:\/\/anpagarciabarbon.org\/wp-content\/uploads\/2019\/05\/illasCies-300x223.jpeg 300w, https:\/\/anpagarciabarbon.org\/wp-content\/uploads\/2019\/05\/illasCies-768x570.jpeg 768w, https:\/\/anpagarciabarbon.org\/wp-content\/uploads\/2019\/05\/illasCies-404x300.jpeg 404w\" sizes=\"(max-width: 800px) 100vw, 800px\" \/><\/p>\n<p>Estimadas familias,<\/p>\n<p>A ANPA est\u00e1 a organizar unha excursi\u00f3n as Illas C\u00edes o vindeiro domingo 16 de Xu\u00f1o. A informaci\u00f3n sobre a excursi\u00f3n \u00e9 a seguinte:<\/p>\n<p>Sa\u00edda do porto de Vigo: 10:15 a.m. Regreso das Illas C\u00edes:\u00a0 19:15\u00a0 (*) Haber\u00e1 que presentarse 30 minutos antes no porto de sa\u00edda e de regreso, para o embarque.<\/p>\n<ul>\n<li>O prezo ser\u00e1 o seguinte (bebida e comida non inclu\u00edda):<\/li>\n<\/ul>\n<p>Familias Socias: 6.5\u20ac\u00a0 e irm\u00e1ns\/\u00e1s de socios (nenos\/as que sexan alumnos do colexio, de balde).<br \/>\nFamilias Non Socias: 10 \u20ac<br \/>\nNenos\/as de 0 a 5 anos de balde.<\/p>\n<ul>\n<li>Prazo de inscrici\u00f3n e pago da actividade (prazas limitadas):<\/li>\n<\/ul>\n<p>Socios: 23-28 de maio\u00a0 ou ata esgotar as prazas, no local da ANPA<\/p>\n<p>Non socios: os d\u00edas 29 de maio, no local da ANPA (s\u00f3 no caso de quedar prazas)<\/p>\n<p>O pago realizarase en efectivo no momento da inscrici\u00f3n. Preg\u00e1mosvos que acheguedes o importe exacto.<\/p>\n<p>A inscrici\u00f3n realizarase no local da ANPA nos prazos sinalados en horario de 9:00 a 9:30 h e de 13:30 a 19:00 h. A venda de billetes rematar\u00e1 ao final do prazo ou no momento no que se esgoten as prazas, que se asignar\u00e1n por rigorosa orde de inscrici\u00f3n. As familias poder\u00e1n adquirir tantos billetes como nenos\/as estean escolarizados\/as no centro m\u00e1is outros dous billetes a maiores.<\/p>\n<ul>\n<li>Recollida dos billetes:<\/li>\n<\/ul>\n<p>Os billetes recolleranse no local da ANPA dende o 10 ao 14 de xu\u00f1o en horario de 9:00 a 09:30 h e de 13:30 a 19:00 h.. \u00c9 imprescindible presentalos o d\u00eda da excursi\u00f3n.<\/p>\n<p>As prazas asignaranse por rigoroso orden de inscrici\u00f3n.<\/p>\n<p>Podes descargar<a href=\"http:\/\/anpagarciabarbon.org\/wp-content\/uploads\/2019\/05\/ComunicacioneFormularioCies2019.pdf\" target=\"_blank\" rel=\"noopener\"> aqu\u00ed a folla de inscripci\u00f3n<\/a> para imprimila e entregala<\/p>\n<p>&nbsp;<\/p>\n<p><iframe style=\"width: 900px; height: 800px;\" src=\"http:\/\/anpagarciabarbon.org\/wp-content\/uploads\/2019\/05\/ComunicacioneFormularioCies2019.pdf\" frameborder=\"0\"><span style=\"display: inline-block; width: 0px; overflow: hidden; line-height: 0;\" data-mce-type=\"bookmark\" class=\"mce_SELRES_start\">\ufeff<\/span><span style=\"display: inline-block; width: 0px; overflow: hidden; line-height: 0;\" data-mce-type=\"bookmark\" class=\"mce_SELRES_start\">\ufeff<\/span><span style=\"display: inline-block; width: 0px; overflow: hidden; line-height: 0;\" data-mce-type=\"bookmark\" class=\"mce_SELRES_start\">\ufeff<\/span><\/iframe><\/p>\n","protected":false},"excerpt":{"rendered":"<p>Estimadas familias, A ANPA est\u00e1 a organizar unha excursi\u00f3n as Illas C\u00edes o vindeiro domingo 16 de Xu\u00f1o. A informaci\u00f3n sobre a excursi\u00f3n \u00e9 a seguinte: Sa\u00edda do porto de [&hellip;]<\/p>\n","protected":false},"author":1,"featured_media":2048,"comment_status":"closed","ping_status":"closed","sticky":false,"template":"","format":"standard","meta":{"footnotes":""},"categories":[2,3],"tags":[22,21],"_links":{"self":[{"href":"https:\/\/anpagarciabarbon.org\/index.php?rest_route=\/wp\/v2\/posts\/2042"}],"collection":[{"href":"https:\/\/anpagarciabarbon.org\/index.php?rest_route=\/wp\/v2\/posts"}],"about":[{"href":"https:\/\/anpagarciabarbon.org\/index.php?rest_route=\/wp\/v2\/types\/post"}],"author":[{"embeddable":true,"href":"https:\/\/anpagarciabarbon.org\/index.php?rest_route=\/wp\/v2\/users\/1"}],"replies":[{"embeddable":true,"href":"https:\/\/anpagarciabarbon.org\/index.php?rest_route=%2Fwp%2Fv2%2Fcomments&post=2042"}],"version-history":[{"count":6,"href":"https:\/\/anpagarciabarbon.org\/index.php?rest_route=\/wp\/v2\/posts\/2042\/revisions"}],"predecessor-version":[{"id":2050,"href":"https:\/\/anpagarciabarbon.org\/index.php?rest_route=\/wp\/v2\/posts\/2042\/revisions\/2050"}],"wp:featuredmedia":[{"embeddable":true,"href":"https:\/\/anpagarciabarbon.org\/index.php?rest_route=\/wp\/v2\/media\/2048"}],"wp:attachment":[{"href":"https:\/\/anpagarciabarbon.org\/index.php?rest_route=%2Fwp%2Fv2%2Fmedia&parent=2042"}],"wp:term":[{"taxonomy":"category","embeddable":true,"href":"https:\/\/anpagarciabarbon.org\/index.php?rest_route=%2Fwp%2Fv2%2Fcategories&post=2042"},{"taxonomy":"post_tag","embeddable":true,"href":"https:\/\/anpagarciabarbon.org\/index.php?rest_route=%2Fwp%2Fv2%2Ftags&post=2042"}],"curies":[{"name":"wp","href":"https:\/\/api.w.org\/{rel}","templated":true}]}}