{"id":2005,"date":"2019-04-22T22:00:20","date_gmt":"2019-04-22T22:00:20","guid":{"rendered":"http:\/\/anpagarciabarbon.org\/?p=2005"},"modified":"2019-04-22T22:08:52","modified_gmt":"2019-04-22T22:08:52","slug":"abre-o-prazo-para-a-inscricion-nos-campamentos-de-veran-da-xunta","status":"publish","type":"post","link":"https:\/\/anpagarciabarbon.org\/?p=2005","title":{"rendered":"Abre o prazo para a inscrici\u00f3n nos campamentos de ver\u00e1n da Xunta"},"content":{"rendered":"<p><img loading=\"lazy\" decoding=\"async\" src=\"http:\/\/anpagarciabarbon.org\/wp-content\/uploads\/2019\/04\/o-veran-que-queres-vivir-xunta-2019-1-227x300.jpg\" alt=\"\" width=\"227\" height=\"300\" class=\"alignleft size-medium wp-image-2009\" srcset=\"https:\/\/anpagarciabarbon.org\/wp-content\/uploads\/2019\/04\/o-veran-que-queres-vivir-xunta-2019-1-227x300.jpg 227w, https:\/\/anpagarciabarbon.org\/wp-content\/uploads\/2019\/04\/o-veran-que-queres-vivir-xunta-2019-1.jpg 468w\" sizes=\"(max-width: 227px) 100vw, 227px\" \/>O Diario Oficial de Galicia <a href=\"https:\/\/www.xunta.gal\/dog\/Publicados\/2019\/20190422\/AnuncioG0425-090419-0003_gl.html\" rel=\"noopener\" target=\"_blank\">(DOG) publica hoxe<\/a>, coincidindo coa presentaci\u00f3n da campa\u00f1a, a orde que rexe a solicitude de praza para os campamentos en Galicia e noutras comunidades. Neste caso o prazo \u00e1brese ma\u00f1\u00e1 e ata o vindeiro 7 de maio, inclu\u00eddo. Pola s\u00faa banda, a convocatoria para inscribirse nos campos de voluntariado abrirase o vindeiro xoves, d\u00eda 25, e pecharase o 10 de maio en primeira convocatoria. Toda a informaci\u00f3n estar\u00e1 dispo\u00f1ible <a href=\"http:\/\/xuventude.xunta.es\/accion-de-veran\" rel=\"noopener\" target=\"_blank\">na p\u00e1xina web de Xuventude<\/a>.<\/p>\n<p>Toda a informaci\u00f3n, prazos, requisigtos e prazas dispo\u00f1ibles na web da xuventude da xunta <a href=\"http:\/\/xuventude.xunta.es\/accion-de-veran\" rel=\"noopener\" target=\"_blank\">aqu\u00ed<\/a>.<\/p>\n","protected":false},"excerpt":{"rendered":"<p>O Diario Oficial de Galicia (DOG) publica hoxe, coincidindo coa presentaci\u00f3n da campa\u00f1a, a orde que rexe a solicitude de praza para os campamentos en Galicia e noutras comunidades. Neste [&hellip;]<\/p>\n","protected":false},"author":1,"featured_media":2009,"comment_status":"closed","ping_status":"closed","sticky":false,"template":"","format":"standard","meta":{"footnotes":""},"categories":[2,4,9],"tags":[],"_links":{"self":[{"href":"https:\/\/anpagarciabarbon.org\/index.php?rest_route=\/wp\/v2\/posts\/2005"}],"collection":[{"href":"https:\/\/anpagarciabarbon.org\/index.php?rest_route=\/wp\/v2\/posts"}],"about":[{"href":"https:\/\/anpagarciabarbon.org\/index.php?rest_route=\/wp\/v2\/types\/post"}],"author":[{"embeddable":true,"href":"https:\/\/anpagarciabarbon.org\/index.php?rest_route=\/wp\/v2\/users\/1"}],"replies":[{"embeddable":true,"href":"https:\/\/anpagarciabarbon.org\/index.php?rest_route=%2Fwp%2Fv2%2Fcomments&post=2005"}],"version-history":[{"count":3,"href":"https:\/\/anpagarciabarbon.org\/index.php?rest_route=\/wp\/v2\/posts\/2005\/revisions"}],"predecessor-version":[{"id":2011,"href":"https:\/\/anpagarciabarbon.org\/index.php?rest_route=\/wp\/v2\/posts\/2005\/revisions\/2011"}],"wp:featuredmedia":[{"embeddable":true,"href":"https:\/\/anpagarciabarbon.org\/index.php?rest_route=\/wp\/v2\/media\/2009"}],"wp:attachment":[{"href":"https:\/\/anpagarciabarbon.org\/index.php?rest_route=%2Fwp%2Fv2%2Fmedia&parent=2005"}],"wp:term":[{"taxonomy":"category","embeddable":true,"href":"https:\/\/anpagarciabarbon.org\/index.php?rest_route=%2Fwp%2Fv2%2Fcategories&post=2005"},{"taxonomy":"post_tag","embeddable":true,"href":"https:\/\/anpagarciabarbon.org\/index.php?rest_route=%2Fwp%2Fv2%2Ftags&post=2005"}],"curies":[{"name":"wp","href":"https:\/\/api.w.org\/{rel}","templated":true}]}}