{"id":1824,"date":"2018-05-23T08:28:04","date_gmt":"2018-05-23T08:28:04","guid":{"rendered":"http:\/\/anpagarciabarbon.org\/?p=1824"},"modified":"2018-05-24T14:37:59","modified_gmt":"2018-05-24T14:37:59","slug":"excursion-illas-cies-2","status":"publish","type":"post","link":"https:\/\/anpagarciabarbon.org\/?p=1824","title":{"rendered":"Excursi\u00f3n Illas C\u00edes"},"content":{"rendered":"<p><img loading=\"lazy\" decoding=\"async\" class=\"aligncenter size-full wp-image-1826\" src=\"http:\/\/anpagarciabarbon.org\/wp-content\/uploads\/2018\/05\/cartel-islascies2018.png\" alt=\"\" width=\"735\" height=\"556\" \/><\/p>\n<p>Estimadas familias,<\/p>\n<p>A ANPA est\u00e1 a organizar <strong>unha excursi\u00f3n as Illas C\u00edes o vindeiro 3 de Xu\u00f1o<\/strong>. A informaci\u00f3n sobre a excursi\u00f3n \u00e9 a seguinte:<br \/>\nSa\u00edda do porto de Vigo: 11:30 a.m.<br \/>\nRegreso das Illas C\u00edes: 20:30 p.m.<br \/>\n(*) Haber\u00e1 que presentarse 30 minutos antes no porto de sa\u00edda e de regreso, para o embarque.<\/p>\n<p><strong>O prezo ser\u00e1 o seguinte (bebida e comida non inclu\u00edda):<\/strong><br \/>\n\uf0b7 Socios\/as: 7 \u20ac pais, nais, nenos\/as e irm\u00e1ns<br \/>\n\uf0b7 Non Socios\/as: 10 \u20ac adultos e nenos\/as<br \/>\n\uf0b7 Nenos\/as de 0 a 2 anos de balde<\/p>\n<p><strong>Prazo de inscrici\u00f3n e pago da actividade (prazas limitadas: 245):<\/strong><br \/>\n\uf0b7 Socios\/as: Dende o 24 de maio (en horario de 9:00 a 10:00, de 13:30 a 15:00 e de 15:30 a 18:00) ao 28 de maio ata as 10:00 da ma\u00f1\u00e1 ou ata esgotar as prazas, no local da ANPA (pago efectivo no momento da inscrici\u00f3n).<br \/>\n\uf0b7 Non socios\/as: en caso de sobrar prazas, o d\u00eda 28 de maio, no local d\u00e1 ANPA de 13:30 a 15:00 e de 15:30 a 18:00 (pago efectivo no momento da inscrici\u00f3n).<\/p>\n<p><strong>Recollida dos billetes<\/strong><br \/>\nOs billetes recolleranse no local d\u00e1 ANPA dende o 31 de maio ao 1 de xu\u00f1o, en horario de 9:00 a 10:00, de 13:30 a 15:00 e de 15:30 a 18:00) . E imprescindible presentalos o d\u00eda da excursi\u00f3n.<\/p>\n<p><strong>As prazas asignaranse por rigoroso orden de inscrici\u00f3n.<\/strong><\/p>\n<p>Para axilizar, <a href=\"http:\/\/anpagarciabarbon.org\/wp-content\/uploads\/2018\/05\/EXCURSION-A-CIES-JUNIO-2018.pdf\">podedes descargar aqu\u00ed o formulario de inscripci\u00f3n para imprimir en casa<\/a> e levalo xa prepardo a ANPA.<\/p>\n","protected":false},"excerpt":{"rendered":"<p>Estimadas familias, A ANPA est\u00e1 a organizar unha excursi\u00f3n as Illas C\u00edes o vindeiro 3 de Xu\u00f1o. A informaci\u00f3n sobre a excursi\u00f3n \u00e9 a seguinte: Sa\u00edda do porto de Vigo: [&hellip;]<\/p>\n","protected":false},"author":1,"featured_media":0,"comment_status":"closed","ping_status":"closed","sticky":false,"template":"","format":"standard","meta":{"footnotes":""},"categories":[2,3],"tags":[],"_links":{"self":[{"href":"https:\/\/anpagarciabarbon.org\/index.php?rest_route=\/wp\/v2\/posts\/1824"}],"collection":[{"href":"https:\/\/anpagarciabarbon.org\/index.php?rest_route=\/wp\/v2\/posts"}],"about":[{"href":"https:\/\/anpagarciabarbon.org\/index.php?rest_route=\/wp\/v2\/types\/post"}],"author":[{"embeddable":true,"href":"https:\/\/anpagarciabarbon.org\/index.php?rest_route=\/wp\/v2\/users\/1"}],"replies":[{"embeddable":true,"href":"https:\/\/anpagarciabarbon.org\/index.php?rest_route=%2Fwp%2Fv2%2Fcomments&post=1824"}],"version-history":[{"count":4,"href":"https:\/\/anpagarciabarbon.org\/index.php?rest_route=\/wp\/v2\/posts\/1824\/revisions"}],"predecessor-version":[{"id":1835,"href":"https:\/\/anpagarciabarbon.org\/index.php?rest_route=\/wp\/v2\/posts\/1824\/revisions\/1835"}],"wp:attachment":[{"href":"https:\/\/anpagarciabarbon.org\/index.php?rest_route=%2Fwp%2Fv2%2Fmedia&parent=1824"}],"wp:term":[{"taxonomy":"category","embeddable":true,"href":"https:\/\/anpagarciabarbon.org\/index.php?rest_route=%2Fwp%2Fv2%2Fcategories&post=1824"},{"taxonomy":"post_tag","embeddable":true,"href":"https:\/\/anpagarciabarbon.org\/index.php?rest_route=%2Fwp%2Fv2%2Ftags&post=1824"}],"curies":[{"name":"wp","href":"https:\/\/api.w.org\/{rel}","templated":true}]}}