{"id":989,"date":"2015-01-13T22:45:25","date_gmt":"2015-01-13T22:45:25","guid":{"rendered":"http:\/\/anpagarciabarbon.org\/?p=989"},"modified":"2015-01-13T22:45:25","modified_gmt":"2015-01-13T22:45:25","slug":"liga-de-natacion-escolar-2015","status":"publish","type":"post","link":"http:\/\/anpagarciabarbon.org\/?p=989","title":{"rendered":"Liga de Nataci\u00f3n Escolar 2015"},"content":{"rendered":"<p><a href=\"http:\/\/anpagarciabarbon.org\/wp-content\/uploads\/2015\/01\/LigaNatacionEscolar2015.png\"><img loading=\"lazy\" decoding=\"async\" class=\"aligncenter size-full wp-image-991\" src=\"http:\/\/anpagarciabarbon.org\/wp-content\/uploads\/2015\/01\/LigaNatacionEscolar2015.png\" alt=\"LigaNatacionEscolar2015\" width=\"412\" height=\"616\" \/><\/a><\/p>\n<p><strong>Estimados pais\/nais,<\/strong><br \/>\nA Conceller\u00eda de Deportes do Concello de Vigo est\u00e1 a desenvolver a segunda edici\u00f3n da Liga de Nataci\u00f3n Escolar Concello de Vigo orientada a todos\/as aqueles\/as nadadores\/as\u00a0 de educaci\u00f3n primaria matriculados\/as nos colexios da cidade de Vigo.<br \/>\nAs xornadas desenvolveranse dende as 9:00 ata as 14:00 horas, podendo variar en funci\u00f3n do nivel de participaci\u00f3n, indic\u00e1ndose, en todo caso e con antelaci\u00f3n suficiente, os posibles cambios os colexios participantes.<br \/>\n<strong>Datas: <\/strong><\/p>\n<ul>\n<li><strong>Xornada 1: 01\/02\/2015<\/strong><\/li>\n<li><strong>Xornada 2: 08\/03\/2015<\/strong><\/li>\n<li><strong>Xornada 3: 26\/04\/2015<\/strong><\/li>\n<\/ul>\n<p><strong>Horarios:<\/strong> As xornadas desenvolveranse dende as 9.00 hasta as 14.00 horas, podendo variar en funci\u00f3n do nivel de participaci\u00f3n, indic\u00e1ndose, en todo caso e con antelaci\u00f3n<br \/>\nsuficiente, os posibles cambios \u00f3s colexios participantes.<\/p>\n<p><strong>Inscrici\u00f3n:<\/strong> Todos\/as aqueles\/as interesados\/as en participar na liga de nataci\u00f3n, te\u00f1en que pasar pola ANPA a <a href=\"https:\/\/drive.google.com\/file\/d\/0BxsH5jtDzv-hRXlFQWY0VjRUY0U\/view?usp=sharing\" target=\"_blank\">recoller a folla de inscrici\u00f3n<\/a> e entregala cuberta (tam\u00e9n a podedes <a href=\"https:\/\/drive.google.com\/file\/d\/0BxsH5jtDzv-hRXlFQWY0VjRUY0U\/view?usp=sharing\" target=\"_blank\">descargar<\/a>)<br \/>\n<strong>Data de inscrici\u00f3n: dende o 12\/01\/2015 ao 16\/01\/2015 (\u00e1mbolos dous inclu\u00eddos).<\/strong><\/p>\n<p><strong>Categor\u00edas:\u00a0<\/strong> +<strong>Promesas<\/strong>: nadadores masculinos e femininos nados nos anos 2007-2008 e 2009. +<strong>Benxam\u00edns<\/strong>: nadadores masculinos e femininos nados nos anos 2003-2004-2005 e 2006.<\/p>\n<p><strong>Probas: <\/strong>En ambas categor\u00edas: 25 metros libres e 25 metros costas. Programa de probas en cada unha das xornadas: \u00b7 25 metros libres mixtos Promesas.\u00b7 25 metros costas mixtos Promesas.<br \/>\n\u00b7 25 metros libres mixtos Benxam\u00edn. \u00b7 25 metros costas mixtos Benxam\u00edn.<\/p>\n<p><strong>Competici\u00f3n e clasificaci\u00f3ns:<\/strong> \u25e6 As probas nadaranse polo sistema contrarreloxo.\u25e6 Os resultados ser\u00e1n acumulativos nas tres xornadas. \u25e6 Cada nadador ou nadadora debe participar en ambas probas (estilo libre e costas). \u25e6 Cronometraxe manual. \u25e6 A puntuaci\u00f3n ser\u00e1 15, 12, 10, 9, 8, 7, 6, 5, 4, 3, 2 e 1 puntos dende o primeiro ate o duod\u00e9cimo clasificado en cada proba.<\/p>\n<p><strong>Clasificaci\u00f3n de colexios:<\/strong> Para a clasificaci\u00f3n de colexios, a efectos de puntuaci\u00f3n, se van ter en conta, como m\u00e1ximo, os 3 primeiros nadadores masculinos e as 3 primeiras nadadoras femininas por cada colexio, en cada proba e categor\u00eda, con independencia do n\u00famero de nadadores que participen por cada colexio.<\/p>\n<p><strong>Participaci\u00f3n e normativa:<\/strong>\u25e6 Aberta: A competici\u00f3n est\u00e1 aberta a todos\/as aqueles\/as nadadores\/as matriculados\/as nos colexios de Vigo no ciclo educativo de primaria. \u25e6 Non existe limitaci\u00f3n en canto ao n\u00famero de nadadores\/as que cada colexio poida inscribir en cada unha das probas a nadar en cada xornada. \u25e6 Cada nadador\/a inscrito\/a estar\u00e1 cuberto por un seguro de accidente contratado polo Concello de Vigo. \u25e6 Dentro da piscina, os\/as nadadores\/as deber\u00e1n estar sempre acompa\u00f1ados por un\/unha delegado\/da representante de cada colexio. \u25e6 A Competici\u00f3n rexerase pola normativa federada vixente.<\/p>\n<p><strong>Premios:<\/strong>\u25e6Medallas para todos\/as os\/as nadadores\/as. \u25e6 Trofeo ao Colexio con maior nivel de participaci\u00f3n \u25e6 Trofeo aos 3 Colexios mellor clasificados.<\/p>\n","protected":false},"excerpt":{"rendered":"<p>Estimados pais\/nais, A Conceller\u00eda de Deportes do Concello de Vigo est\u00e1 a desenvolver a segunda edici\u00f3n da Liga de Nataci\u00f3n Escolar Concello de Vigo orientada a todos\/as aqueles\/as nadadores\/as\u00a0 de [&hellip;]<\/p>\n","protected":false},"author":1,"featured_media":0,"comment_status":"closed","ping_status":"open","sticky":false,"template":"","format":"standard","meta":{"footnotes":""},"categories":[2],"tags":[],"_links":{"self":[{"href":"http:\/\/anpagarciabarbon.org\/index.php?rest_route=\/wp\/v2\/posts\/989"}],"collection":[{"href":"http:\/\/anpagarciabarbon.org\/index.php?rest_route=\/wp\/v2\/posts"}],"about":[{"href":"http:\/\/anpagarciabarbon.org\/index.php?rest_route=\/wp\/v2\/types\/post"}],"author":[{"embeddable":true,"href":"http:\/\/anpagarciabarbon.org\/index.php?rest_route=\/wp\/v2\/users\/1"}],"replies":[{"embeddable":true,"href":"http:\/\/anpagarciabarbon.org\/index.php?rest_route=%2Fwp%2Fv2%2Fcomments&post=989"}],"version-history":[{"count":0,"href":"http:\/\/anpagarciabarbon.org\/index.php?rest_route=\/wp\/v2\/posts\/989\/revisions"}],"wp:attachment":[{"href":"http:\/\/anpagarciabarbon.org\/index.php?rest_route=%2Fwp%2Fv2%2Fmedia&parent=989"}],"wp:term":[{"taxonomy":"category","embeddable":true,"href":"http:\/\/anpagarciabarbon.org\/index.php?rest_route=%2Fwp%2Fv2%2Fcategories&post=989"},{"taxonomy":"post_tag","embeddable":true,"href":"http:\/\/anpagarciabarbon.org\/index.php?rest_route=%2Fwp%2Fv2%2Ftags&post=989"}],"curies":[{"name":"wp","href":"https:\/\/api.w.org\/{rel}","templated":true}]}}