{"id":933,"date":"2014-09-29T14:37:56","date_gmt":"2014-09-29T14:37:56","guid":{"rendered":"http:\/\/anpagarciabarbon.org\/?p=933"},"modified":"2014-09-29T14:37:56","modified_gmt":"2014-09-29T14:37:56","slug":"comeza-intelixencia-emocional","status":"publish","type":"post","link":"http:\/\/anpagarciabarbon.org\/?p=933","title":{"rendered":"Comeza: Intelixencia Emocional"},"content":{"rendered":"<p><a href=\"http:\/\/anpagarciabarbon.org\/wp-content\/uploads\/2014\/09\/intelixencia_emocional.png\"><img loading=\"lazy\" decoding=\"async\" class=\"aligncenter size-full wp-image-934\" src=\"http:\/\/anpagarciabarbon.org\/wp-content\/uploads\/2014\/09\/intelixencia_emocional.png\" alt=\"intelixencia_emocional\" width=\"235\" height=\"265\" \/><\/a><\/p>\n<p>Informamos a t\u00f3dolos pais\/nais dos\/as alumnos\/as que solicitaron a actividade de &#8220;intelixencia emocional&#8221; que finalmente s\u00ed levarase a cabo e que comezar\u00e1 este m\u00e9rcores d\u00eda 1 de outubro \u00e1s 16:00h.<\/p>\n<p>&nbsp;<\/p>\n","protected":false},"excerpt":{"rendered":"<p>Informamos a t\u00f3dolos pais\/nais dos\/as alumnos\/as que solicitaron a actividade de &#8220;intelixencia emocional&#8221; que finalmente s\u00ed levarase a cabo e que comezar\u00e1 este m\u00e9rcores d\u00eda 1 de outubro \u00e1s 16:00h. [&hellip;]<\/p>\n","protected":false},"author":1,"featured_media":0,"comment_status":"closed","ping_status":"open","sticky":false,"template":"","format":"standard","meta":{"footnotes":""},"categories":[2],"tags":[],"_links":{"self":[{"href":"http:\/\/anpagarciabarbon.org\/index.php?rest_route=\/wp\/v2\/posts\/933"}],"collection":[{"href":"http:\/\/anpagarciabarbon.org\/index.php?rest_route=\/wp\/v2\/posts"}],"about":[{"href":"http:\/\/anpagarciabarbon.org\/index.php?rest_route=\/wp\/v2\/types\/post"}],"author":[{"embeddable":true,"href":"http:\/\/anpagarciabarbon.org\/index.php?rest_route=\/wp\/v2\/users\/1"}],"replies":[{"embeddable":true,"href":"http:\/\/anpagarciabarbon.org\/index.php?rest_route=%2Fwp%2Fv2%2Fcomments&post=933"}],"version-history":[{"count":0,"href":"http:\/\/anpagarciabarbon.org\/index.php?rest_route=\/wp\/v2\/posts\/933\/revisions"}],"wp:attachment":[{"href":"http:\/\/anpagarciabarbon.org\/index.php?rest_route=%2Fwp%2Fv2%2Fmedia&parent=933"}],"wp:term":[{"taxonomy":"category","embeddable":true,"href":"http:\/\/anpagarciabarbon.org\/index.php?rest_route=%2Fwp%2Fv2%2Fcategories&post=933"},{"taxonomy":"post_tag","embeddable":true,"href":"http:\/\/anpagarciabarbon.org\/index.php?rest_route=%2Fwp%2Fv2%2Ftags&post=933"}],"curies":[{"name":"wp","href":"https:\/\/api.w.org\/{rel}","templated":true}]}}