{"id":898,"date":"2014-09-16T08:23:57","date_gmt":"2014-09-16T08:23:57","guid":{"rendered":"http:\/\/anpagarciabarbon.org\/?p=898"},"modified":"2014-09-16T08:23:57","modified_gmt":"2014-09-16T08:23:57","slug":"aula-mediodia-2","status":"publish","type":"post","link":"http:\/\/anpagarciabarbon.org\/?p=898","title":{"rendered":"Aula mediod\u00eda"},"content":{"rendered":"<p style=\"text-align: justify;\"><a href=\"http:\/\/anpagarciabarbon.org\/wp-content\/uploads\/2014\/09\/familia.jpg\"><img loading=\"lazy\" decoding=\"async\" class=\"aligncenter  wp-image-901\" src=\"http:\/\/anpagarciabarbon.org\/wp-content\/uploads\/2014\/09\/familia.jpg\" alt=\"[ File # csp0258605, License # 1464667 ]Licensed through http:\/\/www.canstockphoto.com in accordance with the End User License Agreement (http:\/\/www.canstockphoto.com\/legal.php)(c) Can Stock Photo Inc. \/ prawny\" width=\"322\" height=\"165\" \/><\/a>O ANPA do CEIP Garc\u00eda Barb\u00f3n quere por en marcha un servizo de conciliaci\u00f3n da vida laboral, persoal e familiar, o AULA DE MEDIOD\u00cdA, de 13:45 a 15:00 h., a partir do 1 de outubro, sempre e cando houbera a demanda suficiente. Levarase a cabo na sala de usos m\u00faltiples do colexio e estar\u00e1 atendida por unha monitora especializada. Todos aqueles alumnos\/as que estean interesados en asistir a este aula, deber\u00e1n entregar esta solicitude no local do anpa ata o d\u00eda 19 de setembro.<\/p>\n<p>Podedes <a href=\"https:\/\/docs.google.com\/file\/d\/0BxsH5jtDzv-hc2JCV245V01qRlhvTFR6X0g1MHVPd1N6eGdr\/edit?usp=docslist_api\" target=\"_blank\">descargar aqu\u00ed o formulario de inscripci\u00f3n<\/a> para entregar no local da ANPA.<\/p>\n","protected":false},"excerpt":{"rendered":"<p>O ANPA do CEIP Garc\u00eda Barb\u00f3n quere por en marcha un servizo de conciliaci\u00f3n da vida laboral, persoal e familiar, o AULA DE MEDIOD\u00cdA, de 13:45 a 15:00 h., a [&hellip;]<\/p>\n","protected":false},"author":1,"featured_media":0,"comment_status":"closed","ping_status":"open","sticky":false,"template":"","format":"standard","meta":{"footnotes":""},"categories":[2],"tags":[],"_links":{"self":[{"href":"http:\/\/anpagarciabarbon.org\/index.php?rest_route=\/wp\/v2\/posts\/898"}],"collection":[{"href":"http:\/\/anpagarciabarbon.org\/index.php?rest_route=\/wp\/v2\/posts"}],"about":[{"href":"http:\/\/anpagarciabarbon.org\/index.php?rest_route=\/wp\/v2\/types\/post"}],"author":[{"embeddable":true,"href":"http:\/\/anpagarciabarbon.org\/index.php?rest_route=\/wp\/v2\/users\/1"}],"replies":[{"embeddable":true,"href":"http:\/\/anpagarciabarbon.org\/index.php?rest_route=%2Fwp%2Fv2%2Fcomments&post=898"}],"version-history":[{"count":0,"href":"http:\/\/anpagarciabarbon.org\/index.php?rest_route=\/wp\/v2\/posts\/898\/revisions"}],"wp:attachment":[{"href":"http:\/\/anpagarciabarbon.org\/index.php?rest_route=%2Fwp%2Fv2%2Fmedia&parent=898"}],"wp:term":[{"taxonomy":"category","embeddable":true,"href":"http:\/\/anpagarciabarbon.org\/index.php?rest_route=%2Fwp%2Fv2%2Fcategories&post=898"},{"taxonomy":"post_tag","embeddable":true,"href":"http:\/\/anpagarciabarbon.org\/index.php?rest_route=%2Fwp%2Fv2%2Ftags&post=898"}],"curies":[{"name":"wp","href":"https:\/\/api.w.org\/{rel}","templated":true}]}}