{"id":894,"date":"2014-09-15T14:33:13","date_gmt":"2014-09-15T14:33:13","guid":{"rendered":"http:\/\/anpagarciabarbon.org\/?p=894"},"modified":"2014-09-15T14:33:13","modified_gmt":"2014-09-15T14:33:13","slug":"actividades-extraescolares-2014-2015","status":"publish","type":"post","link":"http:\/\/anpagarciabarbon.org\/?p=894","title":{"rendered":"Actividades Extraescolares 2014-2015"},"content":{"rendered":"<div id=\"contenedor\" style=\"text-align: justify;\"><a href=\"http:\/\/anpagarciabarbon.org\/wp-content\/uploads\/2013\/01\/logo-anpa.jpg\"><img loading=\"lazy\" decoding=\"async\" class=\"alignleft  wp-image-149\" src=\"http:\/\/anpagarciabarbon.org\/wp-content\/uploads\/2013\/01\/logo-anpa.jpg\" alt=\"logo-anpa\" width=\"232\" height=\"174\" \/><\/a><\/div>\n<div>Informamos a t\u00f3dolos pais\/nais de alumnos\/as do centro, que o prazo de presentaci\u00f3n de solicitudes para as actividades extraescolares \u00e9 dende o 16 ao 19 de setembro.<br \/>\nComo t\u00f3dolos anos, as inscrici\u00f3ns van por orde de entrada. Os impresos ir\u00e1n nas mochilas dos\/das nenos\/as.<\/div>\n<div><\/div>\n<div><a href=\"https:\/\/docs.google.com\/file\/d\/0BxsH5jtDzv-hQmV1TGd2amRYNTQtd2dXYzE2SmNpUUU1ekRr\/edit?usp=docslist_api\" target=\"_blank\">Neste documento podedes ver o detalle das actividades extraescolares<\/a> (ou clicando m\u00e1is abaixo) que conseguimos ofertar para este curso e tam\u00e9n serve para solicitalas cubr\u00edndoo e entreg\u00e1ndoo no local da ANPA no colexio.<\/div>\n<div><\/div>\n<div>NOTA: <em>Informamos que existe un erro no cadro de actividades. A actividade de multideporte of\u00e9rtase unicamente para alumnos\/as de educaci\u00f3n infantil (3 a 5 anos). Non como reflexa o mesmo, a partir de 3 anos.<\/em><\/div>\n<div><\/div>\n<div>Podedes de descargar <a href=\"https:\/\/docs.google.com\/file\/d\/0BxsH5jtDzv-hQmV1TGd2amRYNTQtd2dXYzE2SmNpUUU1ekRr\/edit?usp=docslist_api\" target=\"_blank\">aqu\u00ed toda a info<\/a>.<\/div>\n<div style=\"text-align: justify;\"><\/div>\n<div style=\"text-align: justify;\"><\/div>\n","protected":false},"excerpt":{"rendered":"<p>Informamos a t\u00f3dolos pais\/nais de alumnos\/as do centro, que o prazo de presentaci\u00f3n de solicitudes para as actividades extraescolares \u00e9 dende o 16 ao 19 de setembro. Como t\u00f3dolos anos, [&hellip;]<\/p>\n","protected":false},"author":1,"featured_media":0,"comment_status":"closed","ping_status":"open","sticky":false,"template":"","format":"standard","meta":{"footnotes":""},"categories":[2],"tags":[],"_links":{"self":[{"href":"http:\/\/anpagarciabarbon.org\/index.php?rest_route=\/wp\/v2\/posts\/894"}],"collection":[{"href":"http:\/\/anpagarciabarbon.org\/index.php?rest_route=\/wp\/v2\/posts"}],"about":[{"href":"http:\/\/anpagarciabarbon.org\/index.php?rest_route=\/wp\/v2\/types\/post"}],"author":[{"embeddable":true,"href":"http:\/\/anpagarciabarbon.org\/index.php?rest_route=\/wp\/v2\/users\/1"}],"replies":[{"embeddable":true,"href":"http:\/\/anpagarciabarbon.org\/index.php?rest_route=%2Fwp%2Fv2%2Fcomments&post=894"}],"version-history":[{"count":0,"href":"http:\/\/anpagarciabarbon.org\/index.php?rest_route=\/wp\/v2\/posts\/894\/revisions"}],"wp:attachment":[{"href":"http:\/\/anpagarciabarbon.org\/index.php?rest_route=%2Fwp%2Fv2%2Fmedia&parent=894"}],"wp:term":[{"taxonomy":"category","embeddable":true,"href":"http:\/\/anpagarciabarbon.org\/index.php?rest_route=%2Fwp%2Fv2%2Fcategories&post=894"},{"taxonomy":"post_tag","embeddable":true,"href":"http:\/\/anpagarciabarbon.org\/index.php?rest_route=%2Fwp%2Fv2%2Ftags&post=894"}],"curies":[{"name":"wp","href":"https:\/\/api.w.org\/{rel}","templated":true}]}}