{"id":798,"date":"2014-04-08T21:56:17","date_gmt":"2014-04-08T21:56:17","guid":{"rendered":"http:\/\/anpagarciabarbon.org\/?p=798"},"modified":"2014-04-08T21:56:17","modified_gmt":"2014-04-08T21:56:17","slug":"entradas-para-o-celta-r-sociedad","status":"publish","type":"post","link":"http:\/\/anpagarciabarbon.org\/?p=798","title":{"rendered":"Entradas para o Celta-R.Sociedad"},"content":{"rendered":"<p style=\"text-align: justify;\"><a href=\"http:\/\/anpagarciabarbon.org\/wp-content\/uploads\/2013\/09\/Celtatitular.jpg\"><img loading=\"lazy\" decoding=\"async\" class=\"size-full wp-image-611 aligncenter\" alt=\"Celtatitular\" src=\"http:\/\/anpagarciabarbon.org\/wp-content\/uploads\/2013\/09\/Celtatitular.jpg\" width=\"448\" height=\"201\" \/><\/a>O concello de Vigo f\u00edxonos entrega de <strong>entradas da grada de fondo(1) para asistir ao partido de f\u00fatbol Celta-R.Sociedad<\/strong> que se xogar\u00e1 en Bala\u00eddos o <strong>s\u00e1bado 22 \u00e1s 16:00<\/strong>.<\/p>\n<p style=\"text-align: justify;\"><strong><span style=\"color: #3366ff;\">Para tratar de facer un reparto m\u00e1is xusto, os interesados podedes solicitalas hoxe martes e ma\u00f1\u00e1 m\u00e9rcores, logo faremos un sorteo a ma\u00f1\u00e1 do xoves e aos que lles toque <span style=\"color: #ff6600;\">poderanas recoller o mesmo xoves e o venres<\/span>. Daquela o venres \u00e1s 18:30 repartiremos as que sobren da xente que non as recollera.<\/span><\/strong><\/p>\n<div style=\"text-align: justify;\"><strong><\/strong>O importe destas entradas \u00e9 <strong>gratuito<\/strong>. S\u00f3 entregaremos (no local da ANPA) un m\u00e1ximo de <strong>4 entradas por familia<\/strong> e ped\u00edmosvos o compromiso de que s\u00f3 collades as entradas que realmente vades a utilizar para que as\u00ed m\u00e1is xente te\u00f1a a oportunidade de ir ao partido.<\/div>\n<p style=\"text-align: justify;\"><em>(1) A grada de Fondo \u00e9 unha grada a p\u00e9 de campo que est\u00e1 detr\u00e1s dunha das porter\u00edas debaixo da grada de Marcador.<\/em><\/p>\n","protected":false},"excerpt":{"rendered":"<p>O concello de Vigo f\u00edxonos entrega de entradas da grada de fondo(1) para asistir ao partido de f\u00fatbol Celta-R.Sociedad que se xogar\u00e1 en Bala\u00eddos o s\u00e1bado 22 \u00e1s 16:00. Para [&hellip;]<\/p>\n","protected":false},"author":1,"featured_media":0,"comment_status":"closed","ping_status":"open","sticky":false,"template":"","format":"standard","meta":{"footnotes":""},"categories":[2],"tags":[],"_links":{"self":[{"href":"http:\/\/anpagarciabarbon.org\/index.php?rest_route=\/wp\/v2\/posts\/798"}],"collection":[{"href":"http:\/\/anpagarciabarbon.org\/index.php?rest_route=\/wp\/v2\/posts"}],"about":[{"href":"http:\/\/anpagarciabarbon.org\/index.php?rest_route=\/wp\/v2\/types\/post"}],"author":[{"embeddable":true,"href":"http:\/\/anpagarciabarbon.org\/index.php?rest_route=\/wp\/v2\/users\/1"}],"replies":[{"embeddable":true,"href":"http:\/\/anpagarciabarbon.org\/index.php?rest_route=%2Fwp%2Fv2%2Fcomments&post=798"}],"version-history":[{"count":0,"href":"http:\/\/anpagarciabarbon.org\/index.php?rest_route=\/wp\/v2\/posts\/798\/revisions"}],"wp:attachment":[{"href":"http:\/\/anpagarciabarbon.org\/index.php?rest_route=%2Fwp%2Fv2%2Fmedia&parent=798"}],"wp:term":[{"taxonomy":"category","embeddable":true,"href":"http:\/\/anpagarciabarbon.org\/index.php?rest_route=%2Fwp%2Fv2%2Fcategories&post=798"},{"taxonomy":"post_tag","embeddable":true,"href":"http:\/\/anpagarciabarbon.org\/index.php?rest_route=%2Fwp%2Fv2%2Ftags&post=798"}],"curies":[{"name":"wp","href":"https:\/\/api.w.org\/{rel}","templated":true}]}}