{"id":2731,"date":"2021-04-29T11:46:31","date_gmt":"2021-04-29T11:46:31","guid":{"rendered":"http:\/\/anpagarciabarbon.org\/?p=2731"},"modified":"2021-04-29T11:46:31","modified_gmt":"2021-04-29T11:46:31","slug":"menu-maio","status":"publish","type":"post","link":"http:\/\/anpagarciabarbon.org\/?p=2731","title":{"rendered":"Men\u00fa Maio"},"content":{"rendered":"\n<figure class=\"wp-block-image size-large\"><img loading=\"lazy\" decoding=\"async\" width=\"724\" height=\"1024\" src=\"http:\/\/anpagarciabarbon.org\/wp-content\/uploads\/2021\/04\/Handdrawn-Student-Feature-Classroom-Poster-724x1024.jpg\" alt=\"\" class=\"wp-image-2732\" srcset=\"http:\/\/anpagarciabarbon.org\/wp-content\/uploads\/2021\/04\/Handdrawn-Student-Feature-Classroom-Poster-724x1024.jpg 724w, http:\/\/anpagarciabarbon.org\/wp-content\/uploads\/2021\/04\/Handdrawn-Student-Feature-Classroom-Poster-212x300.jpg 212w, http:\/\/anpagarciabarbon.org\/wp-content\/uploads\/2021\/04\/Handdrawn-Student-Feature-Classroom-Poster-768x1086.jpg 768w, http:\/\/anpagarciabarbon.org\/wp-content\/uploads\/2021\/04\/Handdrawn-Student-Feature-Classroom-Poster-543x768.jpg 543w, http:\/\/anpagarciabarbon.org\/wp-content\/uploads\/2021\/04\/Handdrawn-Student-Feature-Classroom-Poster-1086x1536.jpg 1086w, http:\/\/anpagarciabarbon.org\/wp-content\/uploads\/2021\/04\/Handdrawn-Student-Feature-Classroom-Poster-1448x2048.jpg 1448w, http:\/\/anpagarciabarbon.org\/wp-content\/uploads\/2021\/04\/Handdrawn-Student-Feature-Classroom-Poster.jpg 1587w\" sizes=\"(max-width: 724px) 100vw, 724px\" \/><\/figure>\n\n\n\n<p>Bos d\u00edas os adxunto os calendarios de men\u00fas de Maio. <\/p>\n\n\n\n<p>Lembramos que o<strong> martes 18 de Maio foi elixido como d\u00eda non lectivo.<\/strong><\/p>\n\n\n\n<p>Ainda que no men\u00fa aparece <strong>Non hai colexio nin o 17 nin o 18<\/strong>.<\/p>\n\n\n\n<div class=\"wp-block-file\"><a href=\"http:\/\/anpagarciabarbon.org\/wp-content\/uploads\/2021\/04\/FOANPAS-MAYO-21.pdf\">FOANPAS-MAYO-21<\/a><a href=\"http:\/\/anpagarciabarbon.org\/wp-content\/uploads\/2021\/04\/FOANPAS-MAYO-21.pdf\" class=\"wp-block-file__button\" download>Descarga<\/a><\/div>\n\n\n\n<div class=\"wp-block-file\"><a href=\"http:\/\/anpagarciabarbon.org\/wp-content\/uploads\/2021\/04\/CELIACO-FOANPAS-MAYO-21.pdf\">CELIACO-FOANPAS-MAYO-21<\/a><a href=\"http:\/\/anpagarciabarbon.org\/wp-content\/uploads\/2021\/04\/CELIACO-FOANPAS-MAYO-21.pdf\" class=\"wp-block-file__button\" download>Descarga<\/a><\/div>\n\n\n\n<div class=\"wp-block-file\"><a href=\"http:\/\/anpagarciabarbon.org\/wp-content\/uploads\/2021\/04\/LAXANTE-FOANPAS-MAYO-21.pdf\">LAXANTE-FOANPAS-MAYO-21<\/a><a href=\"http:\/\/anpagarciabarbon.org\/wp-content\/uploads\/2021\/04\/LAXANTE-FOANPAS-MAYO-21.pdf\" class=\"wp-block-file__button\" download>Descarga<\/a><\/div>\n\n\n\n<div class=\"wp-block-file\"><a href=\"http:\/\/anpagarciabarbon.org\/wp-content\/uploads\/2021\/04\/SIN-CERDO-FOANPAS-MAYO-21.pdf\">SIN-CERDO-FOANPAS-MAYO-21<\/a><a href=\"http:\/\/anpagarciabarbon.org\/wp-content\/uploads\/2021\/04\/SIN-CERDO-FOANPAS-MAYO-21.pdf\" class=\"wp-block-file__button\" download>Descarga<\/a><\/div>\n\n\n\n<div class=\"wp-block-file\"><a href=\"http:\/\/anpagarciabarbon.org\/wp-content\/uploads\/2021\/04\/SIN-PROT-DE-VACA-FOANPAS-MAYO-21.pdf\">SIN-PROT-DE-VACA-FOANPAS-MAYO-21<\/a><a href=\"http:\/\/anpagarciabarbon.org\/wp-content\/uploads\/2021\/04\/SIN-PROT-DE-VACA-FOANPAS-MAYO-21.pdf\" class=\"wp-block-file__button\" download>Descarga<\/a><\/div>\n","protected":false},"excerpt":{"rendered":"<p>Bos d\u00edas os adxunto os calendarios de men\u00fas de Maio. Lembramos que o martes 18 de Maio foi elixido como d\u00eda non lectivo. Ainda que no men\u00fa aparece Non hai [&hellip;]<\/p>\n","protected":false},"author":2,"featured_media":0,"comment_status":"closed","ping_status":"closed","sticky":false,"template":"","format":"standard","meta":{"footnotes":""},"categories":[7],"tags":[],"_links":{"self":[{"href":"http:\/\/anpagarciabarbon.org\/index.php?rest_route=\/wp\/v2\/posts\/2731"}],"collection":[{"href":"http:\/\/anpagarciabarbon.org\/index.php?rest_route=\/wp\/v2\/posts"}],"about":[{"href":"http:\/\/anpagarciabarbon.org\/index.php?rest_route=\/wp\/v2\/types\/post"}],"author":[{"embeddable":true,"href":"http:\/\/anpagarciabarbon.org\/index.php?rest_route=\/wp\/v2\/users\/2"}],"replies":[{"embeddable":true,"href":"http:\/\/anpagarciabarbon.org\/index.php?rest_route=%2Fwp%2Fv2%2Fcomments&post=2731"}],"version-history":[{"count":2,"href":"http:\/\/anpagarciabarbon.org\/index.php?rest_route=\/wp\/v2\/posts\/2731\/revisions"}],"predecessor-version":[{"id":2739,"href":"http:\/\/anpagarciabarbon.org\/index.php?rest_route=\/wp\/v2\/posts\/2731\/revisions\/2739"}],"wp:attachment":[{"href":"http:\/\/anpagarciabarbon.org\/index.php?rest_route=%2Fwp%2Fv2%2Fmedia&parent=2731"}],"wp:term":[{"taxonomy":"category","embeddable":true,"href":"http:\/\/anpagarciabarbon.org\/index.php?rest_route=%2Fwp%2Fv2%2Fcategories&post=2731"},{"taxonomy":"post_tag","embeddable":true,"href":"http:\/\/anpagarciabarbon.org\/index.php?rest_route=%2Fwp%2Fv2%2Ftags&post=2731"}],"curies":[{"name":"wp","href":"https:\/\/api.w.org\/{rel}","templated":true}]}}