{"id":2624,"date":"2021-02-10T13:01:46","date_gmt":"2021-02-10T13:01:46","guid":{"rendered":"http:\/\/anpagarciabarbon.org\/?p=2624"},"modified":"2021-02-19T14:01:24","modified_gmt":"2021-02-19T14:01:24","slug":"dia-da-muller-e-a-nena-na-ciencia","status":"publish","type":"post","link":"http:\/\/anpagarciabarbon.org\/?p=2624","title":{"rendered":"D\u00eda da Muller e a Nena na Ciencia"},"content":{"rendered":"\n<figure class=\"wp-block-gallery columns-1 is-cropped wp-block-gallery-1 is-layout-flex wp-block-gallery-is-layout-flex\"><ul class=\"blocks-gallery-grid\"><li class=\"blocks-gallery-item\"><figure><img loading=\"lazy\" decoding=\"async\" width=\"786\" height=\"729\" src=\"http:\/\/anpagarciabarbon.org\/wp-content\/uploads\/2021\/02\/heroinas-1-Isabel-zendal.jpg\" alt=\"\" data-id=\"2625\" data-full-url=\"http:\/\/anpagarciabarbon.org\/wp-content\/uploads\/2021\/02\/heroinas-1-Isabel-zendal.jpg\" data-link=\"http:\/\/anpagarciabarbon.org\/?attachment_id=2625\" class=\"wp-image-2625\" srcset=\"http:\/\/anpagarciabarbon.org\/wp-content\/uploads\/2021\/02\/heroinas-1-Isabel-zendal.jpg 786w, http:\/\/anpagarciabarbon.org\/wp-content\/uploads\/2021\/02\/heroinas-1-Isabel-zendal-300x278.jpg 300w, http:\/\/anpagarciabarbon.org\/wp-content\/uploads\/2021\/02\/heroinas-1-Isabel-zendal-768x712.jpg 768w, http:\/\/anpagarciabarbon.org\/wp-content\/uploads\/2021\/02\/heroinas-1-Isabel-zendal-323x300.jpg 323w\" sizes=\"(max-width: 786px) 100vw, 786px\" \/><figcaption class=\"blocks-gallery-item__caption\">Isabel Zendal: galega, directora dun hospicio e que se converteu na primeira enfermeira en participar nunha misi\u00f3n internacional para levar a vacina da viruela ata Am\u00e9rica.<\/figcaption><\/figure><\/li><\/ul><\/figure>\n\n\n\n<p>Co galo do Dia da Muller e a Nena na Ciencia queremos enviarvos un pequeno documento  para axudar a difundir actividades e informaci\u00f3n de mulleres que pouco a pouco vanse abrindo paso neste mundo de oportunidades desiguais que \u00e9 o cient\u00edfico.<\/p>\n\n\n\n<p>A necesidade de referentes para os nosos fillos e fillas \u00e9 imprescid\u00edbel para que entendan e vexan, dende idades temper\u00e1s, que todas as persoas temos as mesmas capacidades e deberiamos ter as mesmas oportunidades.<\/p>\n\n\n\n<div class=\"wp-block-file\"><a href=\"http:\/\/anpagarciabarbon.org\/wp-content\/uploads\/2021\/02\/11F-DIA-DA-MULLER-E-DA-NENA-NA-CIENCIA.pdf\">11F D\u00cdA DA MULLER E DA NENA NA CIENCIA<\/a><a href=\"http:\/\/anpagarciabarbon.org\/wp-content\/uploads\/2021\/02\/11F-DIA-DA-MULLER-E-DA-NENA-NA-CIENCIA.pdf\" class=\"wp-block-file__button\" download>Descargar<\/a><\/div>\n","protected":false},"excerpt":{"rendered":"<p>Co galo do Dia da Muller e a Nena na Ciencia queremos enviarvos un pequeno documento para axudar a difundir actividades e informaci\u00f3n de mulleres que pouco a pouco vanse [&hellip;]<\/p>\n","protected":false},"author":2,"featured_media":0,"comment_status":"closed","ping_status":"closed","sticky":false,"template":"","format":"standard","meta":{"footnotes":""},"categories":[30],"tags":[],"_links":{"self":[{"href":"http:\/\/anpagarciabarbon.org\/index.php?rest_route=\/wp\/v2\/posts\/2624"}],"collection":[{"href":"http:\/\/anpagarciabarbon.org\/index.php?rest_route=\/wp\/v2\/posts"}],"about":[{"href":"http:\/\/anpagarciabarbon.org\/index.php?rest_route=\/wp\/v2\/types\/post"}],"author":[{"embeddable":true,"href":"http:\/\/anpagarciabarbon.org\/index.php?rest_route=\/wp\/v2\/users\/2"}],"replies":[{"embeddable":true,"href":"http:\/\/anpagarciabarbon.org\/index.php?rest_route=%2Fwp%2Fv2%2Fcomments&post=2624"}],"version-history":[{"count":5,"href":"http:\/\/anpagarciabarbon.org\/index.php?rest_route=\/wp\/v2\/posts\/2624\/revisions"}],"predecessor-version":[{"id":2656,"href":"http:\/\/anpagarciabarbon.org\/index.php?rest_route=\/wp\/v2\/posts\/2624\/revisions\/2656"}],"wp:attachment":[{"href":"http:\/\/anpagarciabarbon.org\/index.php?rest_route=%2Fwp%2Fv2%2Fmedia&parent=2624"}],"wp:term":[{"taxonomy":"category","embeddable":true,"href":"http:\/\/anpagarciabarbon.org\/index.php?rest_route=%2Fwp%2Fv2%2Fcategories&post=2624"},{"taxonomy":"post_tag","embeddable":true,"href":"http:\/\/anpagarciabarbon.org\/index.php?rest_route=%2Fwp%2Fv2%2Ftags&post=2624"}],"curies":[{"name":"wp","href":"https:\/\/api.w.org\/{rel}","templated":true}]}}