{"id":2543,"date":"2021-01-21T12:12:02","date_gmt":"2021-01-21T12:12:02","guid":{"rendered":"http:\/\/anpagarciabarbon.org\/?p=2543"},"modified":"2021-02-19T14:02:28","modified_gmt":"2021-02-19T14:02:28","slug":"cursos-en-lina-de-iniciacion-a-lingua-galega-nivel-cero-e-nivel-1-febreiro-marzo-2021","status":"publish","type":"post","link":"http:\/\/anpagarciabarbon.org\/?p=2543","title":{"rendered":"Cursos EN LI\u00d1A de iniciaci\u00f3n \u00e1 lingua galega, nivel cero e nivel 1 (febreiro-marzo 2021)"},"content":{"rendered":"\n<figure class=\"wp-block-image size-large\"><img loading=\"lazy\" decoding=\"async\" width=\"1000\" height=\"864\" src=\"http:\/\/anpagarciabarbon.org\/wp-content\/uploads\/2021\/01\/YTkPh5kRjuIILcN1lYQS.jpg\" alt=\"\" class=\"wp-image-2544\" srcset=\"http:\/\/anpagarciabarbon.org\/wp-content\/uploads\/2021\/01\/YTkPh5kRjuIILcN1lYQS.jpg 1000w, http:\/\/anpagarciabarbon.org\/wp-content\/uploads\/2021\/01\/YTkPh5kRjuIILcN1lYQS-300x259.jpg 300w, http:\/\/anpagarciabarbon.org\/wp-content\/uploads\/2021\/01\/YTkPh5kRjuIILcN1lYQS-768x664.jpg 768w, http:\/\/anpagarciabarbon.org\/wp-content\/uploads\/2021\/01\/YTkPh5kRjuIILcN1lYQS-347x300.jpg 347w\" sizes=\"(max-width: 1000px) 100vw, 1000px\" \/><figcaption>Impartidos por: Ana Facchini<br><br><strong>NIVEL CERO<\/strong>:<br>O curso Iniciaci\u00f3n \u00e1 lingua galega nivel 0 est\u00e1 dirixido a persoas, de dentro e f\u00f3ra de Galicia, sen apenas co\u00f1ecemento ning\u00fan do idioma, que procuran formaci\u00f3n para se iniciar na lingua galega e acadar unha competencia moi b\u00e1sica no uso do galego est\u00e1ndar.<br>O obxectivo primordial deste curso \u00e9 familiarizarse coa nosa lingua, dun modo pr\u00e1ctico e din\u00e1mico, dotando ao alumnado dos recursos necesarios para desenvolver unhas m\u00ednimas habilidades ling\u00fc\u00edsticas, que lle permitan satisfacer as s\u00faas necesidades de comunicaci\u00f3n m\u00e1is primarias.<br>&nbsp;<br><strong>NIVEL 1<\/strong>:<br>O curso Iniciaci\u00f3n \u00e1 lingua galega nivel 1 est\u00e1 dirixido a persoas, de dentro e f\u00f3ra de Galicia, que poidan acreditar unha formaci\u00f3n ou co\u00f1ecemento b\u00e1sico do idioma ou realizasen con anterioridade o Curso de Achegamento \u00e1 Lingua Galega Nivel 0.*<br>O obxectivo primordial deste curso \u00e9 consolidar e ampliar a competencia ling\u00fc\u00edstica do alumnado no uso do galego est\u00e1ndar, axud\u00e1ndoo a resolver as dificultades de car\u00e1cter te\u00f3rico ou pr\u00e1ctico, \u00e1s que habitualmente se enfronta no seu emprego oral e escrito da lingua galega.<br>&nbsp;<\/figcaption><\/figure>\n\n\n\n<p>Para m\u00e1is informaci\u00f3n: <a href=\"https:\/\/snl.vigo.org\/post\/cursos-en-lina-de-iniciacion-a-lingua-galega-nivel-cero-e-nivel-1-(febreiro-marzo-2021)\" data-type=\"URL\" data-id=\"https:\/\/snl.vigo.org\/post\/cursos-en-lina-de-iniciacion-a-lingua-galega-nivel-cero-e-nivel-1-(febreiro-marzo-2021)\">https:\/\/snl.vigo.org\/post\/cursos-en-lina-de-iniciacion-a-lingua-galega-nivel-cero-e-nivel-1-(febreiro-marzo-2021)<\/a><\/p>\n","protected":false},"excerpt":{"rendered":"<p>Para m\u00e1is informaci\u00f3n: https:\/\/snl.vigo.org\/post\/cursos-en-lina-de-iniciacion-a-lingua-galega-nivel-cero-e-nivel-1-(febreiro-marzo-2021)<\/p>\n","protected":false},"author":2,"featured_media":0,"comment_status":"closed","ping_status":"closed","sticky":false,"template":"","format":"standard","meta":{"footnotes":""},"categories":[30],"tags":[],"_links":{"self":[{"href":"http:\/\/anpagarciabarbon.org\/index.php?rest_route=\/wp\/v2\/posts\/2543"}],"collection":[{"href":"http:\/\/anpagarciabarbon.org\/index.php?rest_route=\/wp\/v2\/posts"}],"about":[{"href":"http:\/\/anpagarciabarbon.org\/index.php?rest_route=\/wp\/v2\/types\/post"}],"author":[{"embeddable":true,"href":"http:\/\/anpagarciabarbon.org\/index.php?rest_route=\/wp\/v2\/users\/2"}],"replies":[{"embeddable":true,"href":"http:\/\/anpagarciabarbon.org\/index.php?rest_route=%2Fwp%2Fv2%2Fcomments&post=2543"}],"version-history":[{"count":2,"href":"http:\/\/anpagarciabarbon.org\/index.php?rest_route=\/wp\/v2\/posts\/2543\/revisions"}],"predecessor-version":[{"id":2550,"href":"http:\/\/anpagarciabarbon.org\/index.php?rest_route=\/wp\/v2\/posts\/2543\/revisions\/2550"}],"wp:attachment":[{"href":"http:\/\/anpagarciabarbon.org\/index.php?rest_route=%2Fwp%2Fv2%2Fmedia&parent=2543"}],"wp:term":[{"taxonomy":"category","embeddable":true,"href":"http:\/\/anpagarciabarbon.org\/index.php?rest_route=%2Fwp%2Fv2%2Fcategories&post=2543"},{"taxonomy":"post_tag","embeddable":true,"href":"http:\/\/anpagarciabarbon.org\/index.php?rest_route=%2Fwp%2Fv2%2Ftags&post=2543"}],"curies":[{"name":"wp","href":"https:\/\/api.w.org\/{rel}","templated":true}]}}