{"id":1711,"date":"2017-09-12T09:31:27","date_gmt":"2017-09-12T09:31:27","guid":{"rendered":"http:\/\/anpagarciabarbon.org\/?p=1711"},"modified":"2017-09-12T10:07:35","modified_gmt":"2017-09-12T10:07:35","slug":"primeira-edicion-da-expo-activate","status":"publish","type":"post","link":"http:\/\/anpagarciabarbon.org\/?p=1711","title":{"rendered":"Ven a co\u00f1ecer as actividades que ofertamos"},"content":{"rendered":"<p><img loading=\"lazy\" decoding=\"async\" class=\"aligncenter size-full wp-image-1712\" src=\"http:\/\/anpagarciabarbon.org\/wp-content\/uploads\/2017\/09\/expoactivate.png\" alt=\"expoactivate\" width=\"681\" height=\"369\" srcset=\"http:\/\/anpagarciabarbon.org\/wp-content\/uploads\/2017\/09\/expoactivate.png 681w, http:\/\/anpagarciabarbon.org\/wp-content\/uploads\/2017\/09\/expoactivate-300x163.png 300w, http:\/\/anpagarciabarbon.org\/wp-content\/uploads\/2017\/09\/expoactivate-500x271.png 500w\" sizes=\"(max-width: 681px) 100vw, 681px\" \/><\/p>\n<p>Con motivo do inicio do curso escolar 2017 \u2013 2018 temos o pracer de invitarvos a \u201cI EDICI\u00d3N DA EXPO ACT\u00cdVATE\u201d que ter\u00e1 lugar o vindeiro d\u00eda 14 de setembro no pavill\u00f3n do colexio dende as 17.30 ata as 19.30 horas.<br \/>\n<strong>Expo Act\u00edvate \u00e9 unha feira que organiza a ANPA \u201cA Barxa\u201d coa intenci\u00f3n de achegar as diversas actividades extraescolares que estar\u00e1n a disposici\u00f3n dos\/as nosos\/as alumnos\/as para o mencionado curso escolar.<\/strong><br \/>\nO obxectivo \u00e9 que todas as persoas implicadas, na nosa comunidade educativa, poidan resolver calquera tipo de d\u00fabida que xurda \u00e1 hora de decantarse polo aproveitamento do tempo extraescolar dos nosos\/as fillos\/as.<br \/>\nAdemais, conv\u00e9rtese nunha oportunidade magn\u00edfica para que os\/as rapaces\/zas poidan comprobar de primeira man que \u00e9 o que m\u00e1is lles atrae.<br \/>\nEsperamos contar coa tu presenza.<\/p>\n","protected":false},"excerpt":{"rendered":"<p>Con motivo do inicio do curso escolar 2017 \u2013 2018 temos o pracer de invitarvos a \u201cI EDICI\u00d3N DA EXPO ACT\u00cdVATE\u201d que ter\u00e1 lugar o vindeiro d\u00eda 14 de setembro [&hellip;]<\/p>\n","protected":false},"author":1,"featured_media":0,"comment_status":"closed","ping_status":"closed","sticky":false,"template":"","format":"standard","meta":{"footnotes":""},"categories":[2],"tags":[],"_links":{"self":[{"href":"http:\/\/anpagarciabarbon.org\/index.php?rest_route=\/wp\/v2\/posts\/1711"}],"collection":[{"href":"http:\/\/anpagarciabarbon.org\/index.php?rest_route=\/wp\/v2\/posts"}],"about":[{"href":"http:\/\/anpagarciabarbon.org\/index.php?rest_route=\/wp\/v2\/types\/post"}],"author":[{"embeddable":true,"href":"http:\/\/anpagarciabarbon.org\/index.php?rest_route=\/wp\/v2\/users\/1"}],"replies":[{"embeddable":true,"href":"http:\/\/anpagarciabarbon.org\/index.php?rest_route=%2Fwp%2Fv2%2Fcomments&post=1711"}],"version-history":[{"count":3,"href":"http:\/\/anpagarciabarbon.org\/index.php?rest_route=\/wp\/v2\/posts\/1711\/revisions"}],"predecessor-version":[{"id":1719,"href":"http:\/\/anpagarciabarbon.org\/index.php?rest_route=\/wp\/v2\/posts\/1711\/revisions\/1719"}],"wp:attachment":[{"href":"http:\/\/anpagarciabarbon.org\/index.php?rest_route=%2Fwp%2Fv2%2Fmedia&parent=1711"}],"wp:term":[{"taxonomy":"category","embeddable":true,"href":"http:\/\/anpagarciabarbon.org\/index.php?rest_route=%2Fwp%2Fv2%2Fcategories&post=1711"},{"taxonomy":"post_tag","embeddable":true,"href":"http:\/\/anpagarciabarbon.org\/index.php?rest_route=%2Fwp%2Fv2%2Ftags&post=1711"}],"curies":[{"name":"wp","href":"https:\/\/api.w.org\/{rel}","templated":true}]}}