{"id":1670,"date":"2017-05-07T20:26:06","date_gmt":"2017-05-07T20:26:06","guid":{"rendered":"http:\/\/anpagarciabarbon.org\/?p=1670"},"modified":"2017-05-07T20:26:06","modified_gmt":"2017-05-07T20:26:06","slug":"excursion-illas-cies","status":"publish","type":"post","link":"http:\/\/anpagarciabarbon.org\/?p=1670","title":{"rendered":"Excursi\u00f3n Illas C\u00edes"},"content":{"rendered":"<figure id=\"attachment_1672\" aria-describedby=\"caption-attachment-1672\" style=\"width: 4242px\" class=\"wp-caption aligncenter\"><img loading=\"lazy\" decoding=\"async\" class=\"size-full wp-image-1672\" src=\"http:\/\/anpagarciabarbon.org\/wp-content\/uploads\/2017\/05\/cies2.jpg\" alt=\"Vigo, Galicia, Espa\u00f1a\" width=\"4242\" height=\"2817\" srcset=\"http:\/\/anpagarciabarbon.org\/wp-content\/uploads\/2017\/05\/cies2.jpg 4242w, http:\/\/anpagarciabarbon.org\/wp-content\/uploads\/2017\/05\/cies2-300x199.jpg 300w, http:\/\/anpagarciabarbon.org\/wp-content\/uploads\/2017\/05\/cies2-768x510.jpg 768w, http:\/\/anpagarciabarbon.org\/wp-content\/uploads\/2017\/05\/cies2-1024x680.jpg 1024w, http:\/\/anpagarciabarbon.org\/wp-content\/uploads\/2017\/05\/cies2-452x300.jpg 452w\" sizes=\"(max-width: 4242px) 100vw, 4242px\" \/><figcaption id=\"caption-attachment-1672\" class=\"wp-caption-text\">Vigo, Galicia, Espa\u00f1a<\/figcaption><\/figure>\n<p>Estimadas familias,<\/p>\n<p>A ANPA est\u00e1 a organizar unha excursi\u00f3n as Illas C\u00edes o vindeiro domingo 11 de Xu\u00f1o. A informaci\u00f3n sobre a excursi\u00f3n \u00e9 a seguinte:<\/p>\n<p>Sa\u00edda do porto de Vigo: 11:00 a.m. Regreso das Illas C\u00edes:\u00a0 20:00 p.m. (*) Haber\u00e1 que presentarse 30 minutos antes no porto de sa\u00edda e de regreso, para o embarque.<\/p>\n<p>O prezo ser\u00e1 o seguinte (bebida e comida non inclu\u00edda):<\/p>\n<p>\uf0b7 Socios: 10 \u20ac adultos e irm\u00e1ns\/\u00e1s de socios (nenos\/as que sexan alumnos do colexio, de balde).<\/p>\n<p>\uf0b7 Non Socios: 10 \u20ac adultos \/ 10\u20ac nenos\/as \uf0b7 Nenos\/as de 0 a 3 anos de balde.<\/p>\n<p>Prazo de inscrici\u00f3n e pago da actividade (prazas limitadas: 400):<\/p>\n<p>\uf0b7 Socios: Dende o\u00a0 10 ao 22 de maio\u00a0 ou ata esgotar as prazas, no local da ANPA (pago efectivo no momento da inscrici\u00f3n).<\/p>\n<p>\uf0b7 Non socios: os d\u00edas 23 e 24 de maio, no local da ANPA (pago efectivo no momento da inscrici\u00f3n).<\/p>\n<p>Recollida dos billetes<\/p>\n<p>Os billetes recolleranse no local da ANPA dende o 5 ao 8 de xu\u00f1o. \u00c9 imprescindible presentalos o d\u00eda da excursi\u00f3n.<\/p>\n<p>As prazas asignaranse por rigoroso orden de inscrici\u00f3n.<\/p>\n<p>Podes descargar<a href=\"http:\/\/anpagarciabarbon.org\/wp-content\/uploads\/2017\/05\/EXCURSION-CIES-JUNIO-2017.pdf\"> aqu\u00ed a folla de inscripci\u00f3n<\/a> para imprimila e entregala<\/p>\n","protected":false},"excerpt":{"rendered":"<p>Estimadas familias, A ANPA est\u00e1 a organizar unha excursi\u00f3n as Illas C\u00edes o vindeiro domingo 11 de Xu\u00f1o. A informaci\u00f3n sobre a excursi\u00f3n \u00e9 a seguinte: Sa\u00edda do porto de [&hellip;]<\/p>\n","protected":false},"author":1,"featured_media":0,"comment_status":"closed","ping_status":"closed","sticky":false,"template":"","format":"standard","meta":{"footnotes":""},"categories":[2],"tags":[],"_links":{"self":[{"href":"http:\/\/anpagarciabarbon.org\/index.php?rest_route=\/wp\/v2\/posts\/1670"}],"collection":[{"href":"http:\/\/anpagarciabarbon.org\/index.php?rest_route=\/wp\/v2\/posts"}],"about":[{"href":"http:\/\/anpagarciabarbon.org\/index.php?rest_route=\/wp\/v2\/types\/post"}],"author":[{"embeddable":true,"href":"http:\/\/anpagarciabarbon.org\/index.php?rest_route=\/wp\/v2\/users\/1"}],"replies":[{"embeddable":true,"href":"http:\/\/anpagarciabarbon.org\/index.php?rest_route=%2Fwp%2Fv2%2Fcomments&post=1670"}],"version-history":[{"count":1,"href":"http:\/\/anpagarciabarbon.org\/index.php?rest_route=\/wp\/v2\/posts\/1670\/revisions"}],"predecessor-version":[{"id":1673,"href":"http:\/\/anpagarciabarbon.org\/index.php?rest_route=\/wp\/v2\/posts\/1670\/revisions\/1673"}],"wp:attachment":[{"href":"http:\/\/anpagarciabarbon.org\/index.php?rest_route=%2Fwp%2Fv2%2Fmedia&parent=1670"}],"wp:term":[{"taxonomy":"category","embeddable":true,"href":"http:\/\/anpagarciabarbon.org\/index.php?rest_route=%2Fwp%2Fv2%2Fcategories&post=1670"},{"taxonomy":"post_tag","embeddable":true,"href":"http:\/\/anpagarciabarbon.org\/index.php?rest_route=%2Fwp%2Fv2%2Ftags&post=1670"}],"curies":[{"name":"wp","href":"https:\/\/api.w.org\/{rel}","templated":true}]}}