{"id":1556,"date":"2016-10-06T07:11:49","date_gmt":"2016-10-06T07:11:49","guid":{"rendered":"http:\/\/anpagarciabarbon.org\/?p=1556"},"modified":"2016-10-06T15:16:55","modified_gmt":"2016-10-06T15:16:55","slug":"asamblea-da-anpa-2","status":"publish","type":"post","link":"http:\/\/anpagarciabarbon.org\/?p=1556","title":{"rendered":"Asamblea da ANPA"},"content":{"rendered":"<p><img loading=\"lazy\" decoding=\"async\" class=\"aligncenter size-full wp-image-1560\" src=\"http:\/\/anpagarciabarbon.org\/wp-content\/uploads\/2016\/10\/asamblea.jpg\" alt=\"asamblea\" width=\"809\" height=\"487\" \/><\/p>\n<p><u>CONVOCATORIA ASAMBLEA GENERAL ORDINARIA<\/u><\/p>\n<p style=\"text-align: justify;\">De conformidad con la normativa vigente en los Estatutos del Club, la Junta Directiva y, en su nombre, el Presidente, convoca a Asamblea General Ordinaria de Socios del ANPA \u201cA BARXA\u201d DO CEIP GARCIA BARBON, en el Sal\u00f3n de actos del CEIP Garc\u00eda Barb\u00f3n, sito en su planta baja, el jueves d\u00eda 20 de octubre de 2.016, a las 19:00 h. en la 1\u00aa Convocatoria y a las 19:30 h. en 2\u00aa Convocatoria.<\/p>\n<p>En dicha Asamblea General Ordinaria se tratar\u00e1 el siguiente<\/p>\n<p><em>ORDEN DEL D\u00cdA <\/em><\/p>\n<ol>\n<li>Lectura y aprobaci\u00f3n del acta de la Asamblea anterior<\/li>\n<li>Presentaci\u00f3n de las cuentas del ANPA del curso 2015\/2016, y presentaci\u00f3n del presupuesto para el curso 2016\/2017<\/li>\n<li>Informe de la Presidenta<\/li>\n<li>Actividades organizadas por el ANPA para el curso 2016\/2017<\/li>\n<li>Situaci\u00f3n actual.<\/li>\n<li>Ruegos y preguntas<\/li>\n<\/ol>\n<p><u>CONVOCATORIA ASAMBLEA GENERAL EXTRAORDINARIA<\/u><\/p>\n<p style=\"text-align: justify;\">De conformidad con la normativa vigente en los Estatutos de la Asociaci\u00f3n ANPA \u201cA BARXA\u201d, la Junta Directiva y, en su nombre, la Presidenta, convoca a Asamblea General Extraordinaria de Socios del ANPA \u201c A BARXA\u201d DEL CEIP GARCIA BARBON en el Sal\u00f3n de actos del CEIP Garc\u00eda Barb\u00f3n, el d\u00eda 20 de octubre de 2016 (jueves), que se celebrara inmediatamente a continuaci\u00f3n de la anterior en primera convocatoria y en segunda convocatoria media hora despu\u00e9s de la primera.<\/p>\n<p>En dicha Asamblea General Extraordinaria se tratar\u00e1 el siguiente<\/p>\n<p><em>ORDEN DEL D\u00cdA<\/em><\/p>\n<p style=\"text-align: justify;\">1\u00ba) Nombramiento de los cargos de Presidente y cuatro vocales, tras presentar su renuncia al cargo por cuestiones personales, las personas que ocupaban dichos cargos. Cualquier socio\/a puede presentarse como elegible desde la fecha de recepci\u00f3n de la presente convocatoria y hasta una hora antes de la celebraci\u00f3n de la asamblea.<\/p>\n<p style=\"text-align: justify;\">Se informa a todos los interesados\/as que pueden presentar su candidatura para cubrir cualquiera de los dos cargos, en cualquier momento y hasta una hora antes de iniciarse la reuni\u00f3n de la Asamblea General Extraordinaria. Para formalizar la candidatura ser\u00e1 necesario dejar en el Local del Anpa y en el horario habitual de atenci\u00f3n al p\u00fablico, un escrito por duplicado debidamente firmado y datado, mostrando la voluntad de presentar la candidatura al cargo que corresponda.<br \/>\n<u>Las Asambleas quedar\u00e1n v\u00e1lidamente constituidas en 1\u00aa Convocatoria cuando concurran la mayor\u00eda de los Socios\/as que tengan adquirido el derecho a voz y voto, y en 2\u00aa Convocatoria cualquiera que sea el numero de socios\/as presentes.<\/u><\/p>\n<p>Vigo, a 4 de octubre de 2.016<\/p>\n<p>EL PRESIDENTE DE ANPA \u201cA BARXA\u201d GARCIA BARBON<\/p>\n<p style=\"text-align: justify;\">Nota: De acuerdo con la Ley Org\u00e1nica 1\/2002 de Asociaciones, la asistencia a la Asamblea ser\u00e1 personal \u00f3 por representaci\u00f3n legal \u00f3 voluntaria, bastando para acreditar \u00e9sta, un escrito delegando el voto en cualquier socio asistente a la asamblea, firmado por el socio \u00a0delegante, que podr\u00e1n entregar el d\u00eda de la asamblea o con anterioridad mediante su entrega a cualquiera de los miembros de la junta directiva, para lo cual se adjunta a la presente convocatoria <a href=\"http:\/\/anpagarciabarbon.org\/wp-content\/uploads\/2016\/10\/delegacion-de-voto-asamblea-.doc\"><u>modelo de delegaci\u00f3n de voto<\/u><\/a>, que deber\u00e1 estar debidamente firmado.<\/p>\n<p>INFORMACI\u00d3N DE INTER\u00c9S: Existir\u00e1 servicio de guarder\u00eda, para aquellos padres\/madres que se vean obligados a acudir acompa\u00f1ados de sus hijos.<\/p>\n","protected":false},"excerpt":{"rendered":"<p>CONVOCATORIA ASAMBLEA GENERAL ORDINARIA De conformidad con la normativa vigente en los Estatutos del Club, la Junta Directiva y, en su nombre, el Presidente, convoca a Asamblea General Ordinaria de [&hellip;]<\/p>\n","protected":false},"author":1,"featured_media":0,"comment_status":"closed","ping_status":"closed","sticky":false,"template":"","format":"standard","meta":{"footnotes":""},"categories":[3],"tags":[],"_links":{"self":[{"href":"http:\/\/anpagarciabarbon.org\/index.php?rest_route=\/wp\/v2\/posts\/1556"}],"collection":[{"href":"http:\/\/anpagarciabarbon.org\/index.php?rest_route=\/wp\/v2\/posts"}],"about":[{"href":"http:\/\/anpagarciabarbon.org\/index.php?rest_route=\/wp\/v2\/types\/post"}],"author":[{"embeddable":true,"href":"http:\/\/anpagarciabarbon.org\/index.php?rest_route=\/wp\/v2\/users\/1"}],"replies":[{"embeddable":true,"href":"http:\/\/anpagarciabarbon.org\/index.php?rest_route=%2Fwp%2Fv2%2Fcomments&post=1556"}],"version-history":[{"count":9,"href":"http:\/\/anpagarciabarbon.org\/index.php?rest_route=\/wp\/v2\/posts\/1556\/revisions"}],"predecessor-version":[{"id":1567,"href":"http:\/\/anpagarciabarbon.org\/index.php?rest_route=\/wp\/v2\/posts\/1556\/revisions\/1567"}],"wp:attachment":[{"href":"http:\/\/anpagarciabarbon.org\/index.php?rest_route=%2Fwp%2Fv2%2Fmedia&parent=1556"}],"wp:term":[{"taxonomy":"category","embeddable":true,"href":"http:\/\/anpagarciabarbon.org\/index.php?rest_route=%2Fwp%2Fv2%2Fcategories&post=1556"},{"taxonomy":"post_tag","embeddable":true,"href":"http:\/\/anpagarciabarbon.org\/index.php?rest_route=%2Fwp%2Fv2%2Ftags&post=1556"}],"curies":[{"name":"wp","href":"https:\/\/api.w.org\/{rel}","templated":true}]}}