{"id":1390,"date":"2016-01-15T13:51:32","date_gmt":"2016-01-15T13:51:32","guid":{"rendered":"http:\/\/anpagarciabarbon.org\/?p=1390"},"modified":"2016-05-22T13:59:52","modified_gmt":"2016-05-22T13:59:52","slug":"liga-de-natacion-escolar-2","status":"publish","type":"post","link":"http:\/\/anpagarciabarbon.org\/?p=1390","title":{"rendered":"Liga de Nataci\u00f3n Escolar"},"content":{"rendered":"<p><img loading=\"lazy\" decoding=\"async\" class=\"size-full wp-image-1472 aligncenter\" src=\"http:\/\/anpagarciabarbon.org\/wp-content\/uploads\/2016\/01\/vigo_natacion.jpg\" alt=\"vigo_natacion\" width=\"430\" height=\"214\" srcset=\"http:\/\/anpagarciabarbon.org\/wp-content\/uploads\/2016\/01\/vigo_natacion.jpg 430w, http:\/\/anpagarciabarbon.org\/wp-content\/uploads\/2016\/01\/vigo_natacion-300x149.jpg 300w\" sizes=\"(max-width: 430px) 100vw, 430px\" \/><\/p>\n<p>Informaci\u00f3n Competici\u00f3n nataci\u00f3n Domingo 17\/01\/16<\/p>\n<p>1.Todos os nenos\/as deber\u00e1n presentarse na Piscina do Carme, Travesas (R\/ Do Carme, 4), no seguinte horario:<br \/>\n-Categor\u00eda benxam\u00edn (2004-2007): 9:00 h.<br \/>\n-Categor\u00eda promesa(2008-2010): 11:00 h.<\/p>\n<p>2.Deber\u00e1n ir provistos de:<br \/>\n-Zapatillas, toalla, traxe de ba\u00f1o e complementos de aseo persoal.<br \/>\n-A ANPA por\u00e1 os gorros e as camisetas (para que todos vaian iguais e distinguilos mellor).<\/p>\n<p>3.Para calquera d\u00fabida que poda xurdir poderedes chamar a partir do venres 15 de xaneiro, pola tarde, ao tel\u00e9fono que se especifica a continuaci\u00f3n: 660 175 215, e contactar coa persoa responsable da actividade: Cayetana Garc\u00eda-Picher (Tana)<\/p>\n<p>4.Todos\/as aqueles nenos\/as que non poidan asistir, deber\u00e1n comunicalo con antelaci\u00f3n para estar sobreaviso e non prexudicar o transcurso normal da competici\u00f3n.<\/p>\n<p>5.Os pais\/nais deber\u00e1n deixar os nenos\/as na porta da piscina, onde as\/os responsables da actividade estaranos esperando, e posteriormente dirixirse as bancadas da piscina para ver a competici\u00f3n. As\u00ed mesmo tam\u00e9n deber\u00e1n recollelos no mesmo sitio no seguinte horario:<br \/>\n-Benxam\u00edns: 11:00 h.<br \/>\n-Promesas: ao finalizar a competici\u00f3n.<\/p>\n<p>Informamos que ao ser a \u00faltima xornada, farase a entrega de trofeos e medallas aos colexios e que os nenos\/as ter\u00e1n que quedarse ata o remate.<br \/>\nPregamos a t\u00f3dolos pais\/nais a m\u00e1xima puntualidade para non xerar atrasos no inicio da competici\u00f3n, e para favorecer unha boa organizaci\u00f3n da actividade.<\/p>\n","protected":false},"excerpt":{"rendered":"<p>Informaci\u00f3n Competici\u00f3n nataci\u00f3n Domingo 17\/01\/16 1.Todos os nenos\/as deber\u00e1n presentarse na Piscina do Carme, Travesas (R\/ Do Carme, 4), no seguinte horario: -Categor\u00eda benxam\u00edn (2004-2007): 9:00 h. -Categor\u00eda promesa(2008-2010): 11:00 [&hellip;]<\/p>\n","protected":false},"author":1,"featured_media":0,"comment_status":"closed","ping_status":"closed","sticky":false,"template":"","format":"standard","meta":{"footnotes":""},"categories":[2],"tags":[],"_links":{"self":[{"href":"http:\/\/anpagarciabarbon.org\/index.php?rest_route=\/wp\/v2\/posts\/1390"}],"collection":[{"href":"http:\/\/anpagarciabarbon.org\/index.php?rest_route=\/wp\/v2\/posts"}],"about":[{"href":"http:\/\/anpagarciabarbon.org\/index.php?rest_route=\/wp\/v2\/types\/post"}],"author":[{"embeddable":true,"href":"http:\/\/anpagarciabarbon.org\/index.php?rest_route=\/wp\/v2\/users\/1"}],"replies":[{"embeddable":true,"href":"http:\/\/anpagarciabarbon.org\/index.php?rest_route=%2Fwp%2Fv2%2Fcomments&post=1390"}],"version-history":[{"count":1,"href":"http:\/\/anpagarciabarbon.org\/index.php?rest_route=\/wp\/v2\/posts\/1390\/revisions"}],"predecessor-version":[{"id":1473,"href":"http:\/\/anpagarciabarbon.org\/index.php?rest_route=\/wp\/v2\/posts\/1390\/revisions\/1473"}],"wp:attachment":[{"href":"http:\/\/anpagarciabarbon.org\/index.php?rest_route=%2Fwp%2Fv2%2Fmedia&parent=1390"}],"wp:term":[{"taxonomy":"category","embeddable":true,"href":"http:\/\/anpagarciabarbon.org\/index.php?rest_route=%2Fwp%2Fv2%2Fcategories&post=1390"},{"taxonomy":"post_tag","embeddable":true,"href":"http:\/\/anpagarciabarbon.org\/index.php?rest_route=%2Fwp%2Fv2%2Ftags&post=1390"}],"curies":[{"name":"wp","href":"https:\/\/api.w.org\/{rel}","templated":true}]}}