{"id":1288,"date":"2015-10-01T15:10:14","date_gmt":"2015-10-01T15:10:14","guid":{"rendered":"http:\/\/anpagarciabarbon.org\/?p=1288"},"modified":"2015-10-01T15:10:14","modified_gmt":"2015-10-01T15:10:14","slug":"convocatoria-de-asembleas","status":"publish","type":"post","link":"http:\/\/anpagarciabarbon.org\/?p=1288","title":{"rendered":"Convocatoria de Asembleas"},"content":{"rendered":"<div><a href=\"http:\/\/anpagarciabarbon.org\/wp-content\/uploads\/2015\/10\/cropped-asamblea4.jpg\"><img loading=\"lazy\" decoding=\"async\" class=\"aligncenter size-full wp-image-1289\" src=\"http:\/\/anpagarciabarbon.org\/wp-content\/uploads\/2015\/10\/cropped-asamblea4.jpg\" alt=\"cropped-asamblea4\" width=\"920\" height=\"359\" \/><\/a><\/div>\n<div><\/div>\n<div><strong>CONVOCATORIA ASEMBLEA XERAL ORDINARIA<\/strong><br \/>\nDe conformidad coa normativa vigente nos estatutos da asociaci\u00f3n ANPA &#8220;A Barxa&#8221;, a xunta directiva e, no seu nome, o presidente, convoca a <strong>Asemblea Xeral Ordinaria de socios da ANPA &#8220;A Barxa&#8221; do CEIP &#8220;Garc\u00eda Barb\u00f3n&#8221;, no Sal\u00f3n de actos do CEIP &#8220;Garc\u00eda Barb\u00f3n&#8221;, sito na s\u00faa planta baixa, o xoves d\u00eda 15 de outubro de 2015, \u00e1s 19:00 h. na 1\u00aa Convocatoria e \u00e1s 19:30 h. en 2\u00aa Convocatoria.<\/strong><br \/>\nEn devandita Asemblea Xeral Ordinaria tratarase a seguinte orde do d\u00eda:<br \/>\n<em>1. Lectura e aprobaci\u00f3n do acta da Asemblea anterior<br \/>\n2. Presentaci\u00f3n das contas da ANPA do curso 2014\/2015, e presentaci\u00f3n do orzamento para o curso 2015\/2016<br \/>\n3. Actividades organizadas pola ANPA para o curso 2015\/2016<br \/>\n4. Comedor. Situaci\u00f3n actual. Ampliaci\u00f3n do comedor.<br \/>\n5. Rogos e preguntas<\/em><\/div>\n<p><strong>CONVOCATORIA ASEMBLEA XERAL EXTRAORDINARIA<\/strong><br \/>\nDe conformidad coa normativa vigente nos Estatutos da Asociaci\u00f3n ANPA &#8220;A Barxa&#8221;, a xunta directiva e, no seu nome, o presidente, convoca a <strong>Asemblea Xeral Extraordinaria de socios da ANPA &#8220;A Barxa&#8221; do CEIP &#8220;Garc\u00eda Barb\u00f3n&#8221; no sal\u00f3n de actos do CEIP &#8220;Garc\u00eda Barb\u00f3n&#8221;, o d\u00eda 15 de outubro de 2015 (xoves), que se celebrase inmediatamente a continuaci\u00f3n da anterior en primeira convocatoria e en segunda convocatoria media hora logo da primeira<\/strong>. En devandita Asemblea Xeral Extraordinaria tratarase a seguinte orde do d\u00eda:<\/p>\n<p>1\u00ba) Nomeamento dos cargos de Presidente e Tesorero, tras presentar a s\u00faa renuncia ao cargo por cuesti\u00f3ns persoais, as persoas que ocupaban devanditos cargos. Calquera socio pode presentarse como elegible desde a data de recepci\u00f3n da presente convocatoria e ata unha hora antes da celebraci\u00f3n da asemblea.<\/p>\n<p>Inf\u00f3rmase a todos os interesados que poden presentar a s\u00faa candidatura para cubrir calquera dos dous cargos, en calquera momento e ata 30 minutos antes de iniciarse a reuni\u00f3n da Asemblea Xeral Extraordinaria. Para formalizar a candidatura ser\u00e1 necesario deixar no Local do Anpa e no horario habitual de atenci\u00f3n ao p\u00fablico, un escrito por duplicado debidamente asinado e datado, mostrando a vontade de presentar a candidatura ao cargo que corresponda.<\/p>\n<p>As asembleas quedar\u00e1n v\u00e1lidamente constitu\u00eddas en 1\u00aa Convocatoria cando concorran a maior\u00eda dos socios que te\u00f1an adquirido o dereito a voz e voto, e en 2\u00aa Convocatoria calquera que sexa o numero de socios presentes.<\/p>\n<p>Vigo, a 29 de setembro de 2015<br \/>\nO Presidente da ANPA &#8220;A Barxa&#8221; do CEIP &#8220;Garc\u00eda Barb\u00f3n&#8221;<\/p>\n","protected":false},"excerpt":{"rendered":"<p>CONVOCATORIA ASEMBLEA XERAL ORDINARIA De conformidad coa normativa vigente nos estatutos da asociaci\u00f3n ANPA &#8220;A Barxa&#8221;, a xunta directiva e, no seu nome, o presidente, convoca a Asemblea Xeral Ordinaria [&hellip;]<\/p>\n","protected":false},"author":1,"featured_media":0,"comment_status":"closed","ping_status":"open","sticky":false,"template":"","format":"standard","meta":{"footnotes":""},"categories":[3],"tags":[],"_links":{"self":[{"href":"http:\/\/anpagarciabarbon.org\/index.php?rest_route=\/wp\/v2\/posts\/1288"}],"collection":[{"href":"http:\/\/anpagarciabarbon.org\/index.php?rest_route=\/wp\/v2\/posts"}],"about":[{"href":"http:\/\/anpagarciabarbon.org\/index.php?rest_route=\/wp\/v2\/types\/post"}],"author":[{"embeddable":true,"href":"http:\/\/anpagarciabarbon.org\/index.php?rest_route=\/wp\/v2\/users\/1"}],"replies":[{"embeddable":true,"href":"http:\/\/anpagarciabarbon.org\/index.php?rest_route=%2Fwp%2Fv2%2Fcomments&post=1288"}],"version-history":[{"count":0,"href":"http:\/\/anpagarciabarbon.org\/index.php?rest_route=\/wp\/v2\/posts\/1288\/revisions"}],"wp:attachment":[{"href":"http:\/\/anpagarciabarbon.org\/index.php?rest_route=%2Fwp%2Fv2%2Fmedia&parent=1288"}],"wp:term":[{"taxonomy":"category","embeddable":true,"href":"http:\/\/anpagarciabarbon.org\/index.php?rest_route=%2Fwp%2Fv2%2Fcategories&post=1288"},{"taxonomy":"post_tag","embeddable":true,"href":"http:\/\/anpagarciabarbon.org\/index.php?rest_route=%2Fwp%2Fv2%2Ftags&post=1288"}],"curies":[{"name":"wp","href":"https:\/\/api.w.org\/{rel}","templated":true}]}}