{"id":1276,"date":"2015-09-28T14:35:21","date_gmt":"2015-09-28T14:35:21","guid":{"rendered":"http:\/\/anpagarciabarbon.org\/?p=1276"},"modified":"2015-09-28T14:35:21","modified_gmt":"2015-09-28T14:35:21","slug":"inicio-de-natacion-na-piscina-do-nautico","status":"publish","type":"post","link":"http:\/\/anpagarciabarbon.org\/?p=1276","title":{"rendered":"Inicio de nataci\u00f3n na piscina do Na\u00fatico"},"content":{"rendered":"<p><a href=\"http:\/\/anpagarciabarbon.org\/wp-content\/uploads\/2014\/09\/vigo_natacion.jpg\"><img loading=\"lazy\" decoding=\"async\" class=\"aligncenter wp-image-912 size-full\" src=\"http:\/\/anpagarciabarbon.org\/wp-content\/uploads\/2014\/09\/vigo_natacion.jpg\" alt=\"vigo_natacion\" width=\"640\" height=\"319\" \/><\/a><\/p>\n<p>Comunicaros que a actividade de nataci\u00f3n na &#8220;piscina do R.C. Na\u00fatico de Vigo&#8221; <strong>non empezar\u00e1 ata a semana que v\u00e9n: Xoves 8 e Venres 9 de Outubro<\/strong> segundo quenda.<\/p>\n","protected":false},"excerpt":{"rendered":"<p>Comunicaros que a actividade de nataci\u00f3n na &#8220;piscina do R.C. Na\u00fatico de Vigo&#8221; non empezar\u00e1 ata a semana que v\u00e9n: Xoves 8 e Venres 9 de Outubro segundo quenda.<\/p>\n","protected":false},"author":1,"featured_media":0,"comment_status":"closed","ping_status":"open","sticky":false,"template":"","format":"standard","meta":{"footnotes":""},"categories":[2],"tags":[],"_links":{"self":[{"href":"http:\/\/anpagarciabarbon.org\/index.php?rest_route=\/wp\/v2\/posts\/1276"}],"collection":[{"href":"http:\/\/anpagarciabarbon.org\/index.php?rest_route=\/wp\/v2\/posts"}],"about":[{"href":"http:\/\/anpagarciabarbon.org\/index.php?rest_route=\/wp\/v2\/types\/post"}],"author":[{"embeddable":true,"href":"http:\/\/anpagarciabarbon.org\/index.php?rest_route=\/wp\/v2\/users\/1"}],"replies":[{"embeddable":true,"href":"http:\/\/anpagarciabarbon.org\/index.php?rest_route=%2Fwp%2Fv2%2Fcomments&post=1276"}],"version-history":[{"count":0,"href":"http:\/\/anpagarciabarbon.org\/index.php?rest_route=\/wp\/v2\/posts\/1276\/revisions"}],"wp:attachment":[{"href":"http:\/\/anpagarciabarbon.org\/index.php?rest_route=%2Fwp%2Fv2%2Fmedia&parent=1276"}],"wp:term":[{"taxonomy":"category","embeddable":true,"href":"http:\/\/anpagarciabarbon.org\/index.php?rest_route=%2Fwp%2Fv2%2Fcategories&post=1276"},{"taxonomy":"post_tag","embeddable":true,"href":"http:\/\/anpagarciabarbon.org\/index.php?rest_route=%2Fwp%2Fv2%2Ftags&post=1276"}],"curies":[{"name":"wp","href":"https:\/\/api.w.org\/{rel}","templated":true}]}}