{"id":1267,"date":"2015-09-23T08:57:13","date_gmt":"2015-09-23T08:57:13","guid":{"rendered":"http:\/\/anpagarciabarbon.org\/?p=1267"},"modified":"2015-09-23T08:57:13","modified_gmt":"2015-09-23T08:57:13","slug":"entradas-para-ver-al-celta-en-balaidos","status":"publish","type":"post","link":"http:\/\/anpagarciabarbon.org\/?p=1267","title":{"rendered":"Entradas para ver ao Celta en Bala\u00eddos"},"content":{"rendered":"<p><a href=\"http:\/\/anpagarciabarbon.org\/wp-content\/uploads\/2015\/09\/Entrada_Balaidos.jpg\"><img loading=\"lazy\" decoding=\"async\" class=\"aligncenter size-full wp-image-1227\" src=\"http:\/\/anpagarciabarbon.org\/wp-content\/uploads\/2015\/09\/Entrada_Balaidos.jpg\" alt=\"Entrada_Balaidos\" width=\"640\" height=\"450\" \/><\/a><br \/>\nA partir do mes de Outubro, todos\/as aqueles\/as que queiran entradas para ver \u00f3 Celta en Bala\u00eddos ter\u00e1n que anotarse no local da ANPA e farase un sorteo entre os inscritos en t\u00f3dolos partidos.<\/p>\n<p>Esta tempada s\u00f3 teremos entradas (grada de Fondo) para os seguintes partidos:<\/p>\n<p><strong>13\/09\/2015: Celta\u2013Las Palmas<\/strong><br \/>\n<strong> 04\/10\/2015: Celta\u2013Getafe<\/strong><br \/>\n<strong> 25\/10 \/2015: Celta\u2013Real Madrid<\/strong><br \/>\n<strong> 06\/12\/2015: Celta-Espa\u00f1ol<\/strong><br \/>\n<strong> 10\/01\/2016: Celta-Atl\u00e9tico de Madrid<\/strong><br \/>\n<strong> 07\/02\/2016: Celta-Sevilla<\/strong><br \/>\n<strong> 02\/03\/2016: Celta-Villarreal<\/strong><br \/>\n<strong> 03\/04\/2016: Celta-Coru\u00f1a<\/strong><br \/>\n<strong> 24\/04\/2016: Celta-Granada<\/strong><\/p>\n<p>Como sabedes, as datas, de momento, son aproximadas.<\/p>\n","protected":false},"excerpt":{"rendered":"<p>A partir do mes de Outubro, todos\/as aqueles\/as que queiran entradas para ver \u00f3 Celta en Bala\u00eddos ter\u00e1n que anotarse no local da ANPA e farase un sorteo entre os [&hellip;]<\/p>\n","protected":false},"author":1,"featured_media":0,"comment_status":"closed","ping_status":"open","sticky":false,"template":"","format":"standard","meta":{"footnotes":""},"categories":[2],"tags":[],"_links":{"self":[{"href":"http:\/\/anpagarciabarbon.org\/index.php?rest_route=\/wp\/v2\/posts\/1267"}],"collection":[{"href":"http:\/\/anpagarciabarbon.org\/index.php?rest_route=\/wp\/v2\/posts"}],"about":[{"href":"http:\/\/anpagarciabarbon.org\/index.php?rest_route=\/wp\/v2\/types\/post"}],"author":[{"embeddable":true,"href":"http:\/\/anpagarciabarbon.org\/index.php?rest_route=\/wp\/v2\/users\/1"}],"replies":[{"embeddable":true,"href":"http:\/\/anpagarciabarbon.org\/index.php?rest_route=%2Fwp%2Fv2%2Fcomments&post=1267"}],"version-history":[{"count":0,"href":"http:\/\/anpagarciabarbon.org\/index.php?rest_route=\/wp\/v2\/posts\/1267\/revisions"}],"wp:attachment":[{"href":"http:\/\/anpagarciabarbon.org\/index.php?rest_route=%2Fwp%2Fv2%2Fmedia&parent=1267"}],"wp:term":[{"taxonomy":"category","embeddable":true,"href":"http:\/\/anpagarciabarbon.org\/index.php?rest_route=%2Fwp%2Fv2%2Fcategories&post=1267"},{"taxonomy":"post_tag","embeddable":true,"href":"http:\/\/anpagarciabarbon.org\/index.php?rest_route=%2Fwp%2Fv2%2Ftags&post=1267"}],"curies":[{"name":"wp","href":"https:\/\/api.w.org\/{rel}","templated":true}]}}