{"id":1260,"date":"2015-09-16T09:06:06","date_gmt":"2015-09-16T09:06:06","guid":{"rendered":"http:\/\/anpagarciabarbon.org\/?p=1260"},"modified":"2015-09-16T09:06:06","modified_gmt":"2015-09-16T09:06:06","slug":"charla-sobre-trastornos-alimentarios","status":"publish","type":"post","link":"http:\/\/anpagarciabarbon.org\/?p=1260","title":{"rendered":"Charla sobre &#8220;trastornos alimentarios&#8221;"},"content":{"rendered":"<p><a href=\"http:\/\/anpagarciabarbon.org\/wp-content\/uploads\/2015\/09\/image-17973.jpg\"><img loading=\"lazy\" decoding=\"async\" class=\"aligncenter size-full wp-image-1261\" src=\"http:\/\/anpagarciabarbon.org\/wp-content\/uploads\/2015\/09\/image-17973.jpg\" alt=\"image-17973\" width=\"414\" height=\"414\" \/><\/a><\/p>\n<p>&nbsp;<\/p>\n<p>FOANPAS ofrece unha charla coloquio dirixida \u00e1 comunidade educativa dos centros de ensino p\u00fablico de Educaci\u00f3n Infantil, Educaci\u00f3n Primaria e Secundaria de Vigo, baixo o t\u00edtulo: \u201c<strong>Prevenci\u00f3n nos trastornos do comportamento alimentario&#8221;<\/strong><br \/>\nEstar\u00e1 impartida por Mari\u00e1n Garc\u00eda M\u00edguez, psic\u00f3loga da Asociaci\u00f3n de Anorexia e Bulimia de Pontevedra (ABAP).<br \/>\nNela remarcarase a importancia de comer en familia, dunha dieta equilibrada, do respecto cara a un mesmo e cara aos\/\u00e1s demais, dun autoconcepto real, etc.<br \/>\nA charla ter\u00e1 lugar o <strong>Xoves 8 de Outubro \u00e1s 18:00 horas<\/strong>. Ser\u00e1 no Sal\u00f3n de Actos do Instituto Municipal de Educaci\u00f3n (IME), sito en Cami\u00f1o do Chouzo n\u00ba 2.<br \/>\nA inscrici\u00f3n pode facerse no 986 29 88 12 ou enviando un correo electr\u00f3nico a foanpas@foanpas.com (con nome e apelidos, tel\u00e9fono, e-mail e centro educativo ao que pertence). Ata o 7 de outubro. Agardamos sexa do voso interese.<\/p>\n","protected":false},"excerpt":{"rendered":"<p>&nbsp; FOANPAS ofrece unha charla coloquio dirixida \u00e1 comunidade educativa dos centros de ensino p\u00fablico de Educaci\u00f3n Infantil, Educaci\u00f3n Primaria e Secundaria de Vigo, baixo o t\u00edtulo: \u201cPrevenci\u00f3n nos trastornos [&hellip;]<\/p>\n","protected":false},"author":1,"featured_media":0,"comment_status":"closed","ping_status":"open","sticky":false,"template":"","format":"standard","meta":{"footnotes":""},"categories":[2],"tags":[],"_links":{"self":[{"href":"http:\/\/anpagarciabarbon.org\/index.php?rest_route=\/wp\/v2\/posts\/1260"}],"collection":[{"href":"http:\/\/anpagarciabarbon.org\/index.php?rest_route=\/wp\/v2\/posts"}],"about":[{"href":"http:\/\/anpagarciabarbon.org\/index.php?rest_route=\/wp\/v2\/types\/post"}],"author":[{"embeddable":true,"href":"http:\/\/anpagarciabarbon.org\/index.php?rest_route=\/wp\/v2\/users\/1"}],"replies":[{"embeddable":true,"href":"http:\/\/anpagarciabarbon.org\/index.php?rest_route=%2Fwp%2Fv2%2Fcomments&post=1260"}],"version-history":[{"count":0,"href":"http:\/\/anpagarciabarbon.org\/index.php?rest_route=\/wp\/v2\/posts\/1260\/revisions"}],"wp:attachment":[{"href":"http:\/\/anpagarciabarbon.org\/index.php?rest_route=%2Fwp%2Fv2%2Fmedia&parent=1260"}],"wp:term":[{"taxonomy":"category","embeddable":true,"href":"http:\/\/anpagarciabarbon.org\/index.php?rest_route=%2Fwp%2Fv2%2Fcategories&post=1260"},{"taxonomy":"post_tag","embeddable":true,"href":"http:\/\/anpagarciabarbon.org\/index.php?rest_route=%2Fwp%2Fv2%2Ftags&post=1260"}],"curies":[{"name":"wp","href":"https:\/\/api.w.org\/{rel}","templated":true}]}}