{"id":1223,"date":"2015-09-10T15:16:26","date_gmt":"2015-09-10T15:16:26","guid":{"rendered":"http:\/\/anpagarciabarbon.org\/?p=1223"},"modified":"2015-09-10T15:16:26","modified_gmt":"2015-09-10T15:16:26","slug":"actividades-extraescolares-20152016","status":"publish","type":"post","link":"http:\/\/anpagarciabarbon.org\/?p=1223","title":{"rendered":"Actividades Extraescolares 2015\/2016"},"content":{"rendered":"<div id=\"contenedor\" style=\"text-align: justify;\"><a href=\"http:\/\/anpagarciabarbon.org\/wp-content\/uploads\/2013\/01\/logo-anpa.jpg\"><img loading=\"lazy\" decoding=\"async\" class=\"alignleft  wp-image-149\" src=\"http:\/\/anpagarciabarbon.org\/wp-content\/uploads\/2013\/01\/logo-anpa.jpg\" alt=\"logo-anpa\" width=\"232\" height=\"174\" \/><\/a><\/div>\n<div>Informamos a t\u00f3dolos pais\/nais de alumnos\/as do centro, que o prazo de presentaci\u00f3n de solicitudes para as actividades extraescolares \u00e9 dende o 14 ao 22 de setembro de 2015.<br \/>\nComo t\u00f3dolos anos, as inscrici\u00f3ns van por orde de entrada. Os impresos ir\u00e1n nas mochilas dos\/das nenos\/as.<\/div>\n<div><\/div>\n<div><a title=\"Actividades Extraescolares 2015-2016\" href=\"http:\/\/anpagarciabarbon.org\/wp-content\/uploads\/2015\/09\/solicitud_de_actividades_2015-16.pdf\" target=\"_blank\">Neste documento podedes ver o detalle das actividades extraescolares<\/a> (ou clicando m\u00e1is abaixo) que conseguimos ofertar para este curso e tam\u00e9n serve para solicitalas cubr\u00edndoo e entreg\u00e1ndoo no local da ANPA no colexio.<\/div>\n<div><\/div>\n<div><\/div>\n<div>Podedes de descargar <a href=\"http:\/\/anpagarciabarbon.org\/wp-content\/uploads\/2015\/09\/solicitud_de_actividades_2015-16.pdf\" target=\"_blank\">aqu\u00ed toda a info<\/a>.<\/div>\n<div style=\"text-align: justify;\"><\/div>\n<div style=\"text-align: justify;\"><\/div>\n","protected":false},"excerpt":{"rendered":"<p>Informamos a t\u00f3dolos pais\/nais de alumnos\/as do centro, que o prazo de presentaci\u00f3n de solicitudes para as actividades extraescolares \u00e9 dende o 14 ao 22 de setembro de 2015. Como [&hellip;]<\/p>\n","protected":false},"author":1,"featured_media":0,"comment_status":"closed","ping_status":"open","sticky":false,"template":"","format":"standard","meta":{"footnotes":""},"categories":[2],"tags":[],"_links":{"self":[{"href":"http:\/\/anpagarciabarbon.org\/index.php?rest_route=\/wp\/v2\/posts\/1223"}],"collection":[{"href":"http:\/\/anpagarciabarbon.org\/index.php?rest_route=\/wp\/v2\/posts"}],"about":[{"href":"http:\/\/anpagarciabarbon.org\/index.php?rest_route=\/wp\/v2\/types\/post"}],"author":[{"embeddable":true,"href":"http:\/\/anpagarciabarbon.org\/index.php?rest_route=\/wp\/v2\/users\/1"}],"replies":[{"embeddable":true,"href":"http:\/\/anpagarciabarbon.org\/index.php?rest_route=%2Fwp%2Fv2%2Fcomments&post=1223"}],"version-history":[{"count":0,"href":"http:\/\/anpagarciabarbon.org\/index.php?rest_route=\/wp\/v2\/posts\/1223\/revisions"}],"wp:attachment":[{"href":"http:\/\/anpagarciabarbon.org\/index.php?rest_route=%2Fwp%2Fv2%2Fmedia&parent=1223"}],"wp:term":[{"taxonomy":"category","embeddable":true,"href":"http:\/\/anpagarciabarbon.org\/index.php?rest_route=%2Fwp%2Fv2%2Fcategories&post=1223"},{"taxonomy":"post_tag","embeddable":true,"href":"http:\/\/anpagarciabarbon.org\/index.php?rest_route=%2Fwp%2Fv2%2Ftags&post=1223"}],"curies":[{"name":"wp","href":"https:\/\/api.w.org\/{rel}","templated":true}]}}