{"id":1218,"date":"2015-09-08T13:49:09","date_gmt":"2015-09-08T13:49:09","guid":{"rendered":"http:\/\/anpagarciabarbon.org\/?p=1218"},"modified":"2015-09-08T13:49:09","modified_gmt":"2015-09-08T13:49:09","slug":"retraso-na-resolucion-das-becas-de-comedor-libros-e-material","status":"publish","type":"post","link":"http:\/\/anpagarciabarbon.org\/?p=1218","title":{"rendered":"Retraso na resoluci\u00f3n das becas de comedor, libros e material"},"content":{"rendered":"<p><a href=\"http:\/\/anpagarciabarbon.org\/wp-content\/uploads\/2013\/06\/familia.jpg\"><img loading=\"lazy\" decoding=\"async\" class=\"aligncenter size-full wp-image-516\" src=\"http:\/\/anpagarciabarbon.org\/wp-content\/uploads\/2013\/06\/familia.jpg\" alt=\"familia\" width=\"160\" height=\"113\" \/><\/a><\/p>\n<p>Dende a Conceller\u00eda de Pol\u00edtica de Benestar, m\u00e1ndannos o seguinte:<\/p>\n<p>&#8221; Sentimos comunicarvos que a pesar do esforzo realizado para ter a resoluci\u00f3n das axudas de libros, material escolar e comedor antes de inicio do curso, non fu\u00e9 posible debido a un problema \u00e1 hora de solicitar datos a outra administraci\u00f3n. Unha vez realizada a resoluci\u00f3n das axudas, os\/as alumnos\/as que te\u00f1an concedido o comedor pagar\u00e1selles desde o inicio do curso (sempre que utilizasen este servizo)&#8221;<\/p>\n<p>A Conceller\u00eda de Pol\u00edtica de Benestar do Concello de Vigo<\/p>\n","protected":false},"excerpt":{"rendered":"<p>Dende a Conceller\u00eda de Pol\u00edtica de Benestar, m\u00e1ndannos o seguinte: &#8221; Sentimos comunicarvos que a pesar do esforzo realizado para ter a resoluci\u00f3n das axudas de libros, material escolar e [&hellip;]<\/p>\n","protected":false},"author":1,"featured_media":0,"comment_status":"closed","ping_status":"open","sticky":false,"template":"","format":"standard","meta":{"footnotes":""},"categories":[9],"tags":[],"_links":{"self":[{"href":"http:\/\/anpagarciabarbon.org\/index.php?rest_route=\/wp\/v2\/posts\/1218"}],"collection":[{"href":"http:\/\/anpagarciabarbon.org\/index.php?rest_route=\/wp\/v2\/posts"}],"about":[{"href":"http:\/\/anpagarciabarbon.org\/index.php?rest_route=\/wp\/v2\/types\/post"}],"author":[{"embeddable":true,"href":"http:\/\/anpagarciabarbon.org\/index.php?rest_route=\/wp\/v2\/users\/1"}],"replies":[{"embeddable":true,"href":"http:\/\/anpagarciabarbon.org\/index.php?rest_route=%2Fwp%2Fv2%2Fcomments&post=1218"}],"version-history":[{"count":0,"href":"http:\/\/anpagarciabarbon.org\/index.php?rest_route=\/wp\/v2\/posts\/1218\/revisions"}],"wp:attachment":[{"href":"http:\/\/anpagarciabarbon.org\/index.php?rest_route=%2Fwp%2Fv2%2Fmedia&parent=1218"}],"wp:term":[{"taxonomy":"category","embeddable":true,"href":"http:\/\/anpagarciabarbon.org\/index.php?rest_route=%2Fwp%2Fv2%2Fcategories&post=1218"},{"taxonomy":"post_tag","embeddable":true,"href":"http:\/\/anpagarciabarbon.org\/index.php?rest_route=%2Fwp%2Fv2%2Ftags&post=1218"}],"curies":[{"name":"wp","href":"https:\/\/api.w.org\/{rel}","templated":true}]}}