{"id":1211,"date":"2015-09-08T08:02:17","date_gmt":"2015-09-08T08:02:17","guid":{"rendered":"http:\/\/anpagarciabarbon.org\/?p=1211"},"modified":"2015-09-08T08:02:17","modified_gmt":"2015-09-08T08:02:17","slug":"habera-comedor-para-todos-os-nenos-e-nenas-do-colexio","status":"publish","type":"post","link":"http:\/\/anpagarciabarbon.org\/?p=1211","title":{"rendered":"Haber\u00e1 comedor para todos os nenos e nenas do colexio ! ! !"},"content":{"rendered":"<p><a href=\"http:\/\/anpagarciabarbon.org\/wp-content\/uploads\/2015\/09\/buena-noticia1.jpg\"><img loading=\"lazy\" decoding=\"async\" class=\"aligncenter size-full wp-image-1214\" src=\"http:\/\/anpagarciabarbon.org\/wp-content\/uploads\/2015\/09\/buena-noticia1.jpg\" alt=\"buena-noticia\" width=\"370\" height=\"300\" \/><\/a><\/p>\n<p>Grazas \u00e1s obras de ampliaci\u00f3n do comedor escolar que o concello de Vigo realizou no noso colexio podemos comunicarvos que finalmente haber\u00e1 praza no comedor para todos os alumnos\/as que o solicitastes, non quedar\u00e1 ningu\u00e9n f\u00f3ra.<\/p>\n<p>Os que queiran realizar modificaci\u00f3ns nos dias de asistencia no mes de inicio que o comuniquen \u00e1 ANPA o antes posible.<\/p>\n","protected":false},"excerpt":{"rendered":"<p>Grazas \u00e1s obras de ampliaci\u00f3n do comedor escolar que o concello de Vigo realizou no noso colexio podemos comunicarvos que finalmente haber\u00e1 praza no comedor para todos os alumnos\/as que [&hellip;]<\/p>\n","protected":false},"author":1,"featured_media":0,"comment_status":"closed","ping_status":"open","sticky":false,"template":"","format":"standard","meta":{"footnotes":""},"categories":[7],"tags":[],"_links":{"self":[{"href":"http:\/\/anpagarciabarbon.org\/index.php?rest_route=\/wp\/v2\/posts\/1211"}],"collection":[{"href":"http:\/\/anpagarciabarbon.org\/index.php?rest_route=\/wp\/v2\/posts"}],"about":[{"href":"http:\/\/anpagarciabarbon.org\/index.php?rest_route=\/wp\/v2\/types\/post"}],"author":[{"embeddable":true,"href":"http:\/\/anpagarciabarbon.org\/index.php?rest_route=\/wp\/v2\/users\/1"}],"replies":[{"embeddable":true,"href":"http:\/\/anpagarciabarbon.org\/index.php?rest_route=%2Fwp%2Fv2%2Fcomments&post=1211"}],"version-history":[{"count":0,"href":"http:\/\/anpagarciabarbon.org\/index.php?rest_route=\/wp\/v2\/posts\/1211\/revisions"}],"wp:attachment":[{"href":"http:\/\/anpagarciabarbon.org\/index.php?rest_route=%2Fwp%2Fv2%2Fmedia&parent=1211"}],"wp:term":[{"taxonomy":"category","embeddable":true,"href":"http:\/\/anpagarciabarbon.org\/index.php?rest_route=%2Fwp%2Fv2%2Fcategories&post=1211"},{"taxonomy":"post_tag","embeddable":true,"href":"http:\/\/anpagarciabarbon.org\/index.php?rest_route=%2Fwp%2Fv2%2Ftags&post=1211"}],"curies":[{"name":"wp","href":"https:\/\/api.w.org\/{rel}","templated":true}]}}