{"id":1205,"date":"2015-09-02T16:58:38","date_gmt":"2015-09-02T16:58:38","guid":{"rendered":"http:\/\/anpagarciabarbon.org\/?p=1205"},"modified":"2015-09-02T16:58:38","modified_gmt":"2015-09-02T16:58:38","slug":"o-menu-de-setembro-2","status":"publish","type":"post","link":"http:\/\/anpagarciabarbon.org\/?p=1205","title":{"rendered":"O men\u00fa de Setembro"},"content":{"rendered":"<p><img loading=\"lazy\" decoding=\"async\" class=\"size-full wp-image-782 alignleft\" src=\"http:\/\/anpagarciabarbon.org\/wp-content\/uploads\/2014\/03\/comedor.jpg\" alt=\"comedor\" width=\"198\" height=\"255\" \/>Informarvos que xa tedes disponible <a title=\"Men\u00fa Setembro 2015\" href=\"http:\/\/anpagarciabarbon.org\/wp-content\/uploads\/2015\/09\/MENU-SEPTIEMBRE-2015.pdf\" target=\"_blank\">o men\u00fa do \u201ccomedor escolar\u201d correspondente ao mes de Setembro de 2015<\/a>. Lembrade que at\u00f3pase clicando na p\u00e1xina \u201cComedor\u201d e seleccionando logo o mes adecuado.<\/p>\n<p><strong>Lembrar a todos os pais\/nais que te\u00f1an fillos con dietas especiais, que se pasen polo local da ANPA canto antes para recoller un impreso que te\u00f1en que reencher e entreg\u00e1rnolo xunto co certificado m\u00e9dico.<\/strong><\/p>\n<p>O comedor comeza o primeiro d\u00eda de colexio para todos os cursos excepto para os nenos e nenas de 3 anos (4\u00ba de infantil) que empezar\u00e1n no comedor o d\u00eda 1 de outubro.<\/p>\n","protected":false},"excerpt":{"rendered":"<p>Informarvos que xa tedes disponible o men\u00fa do \u201ccomedor escolar\u201d correspondente ao mes de Setembro de 2015. Lembrade que at\u00f3pase clicando na p\u00e1xina \u201cComedor\u201d e seleccionando logo o mes adecuado. [&hellip;]<\/p>\n","protected":false},"author":1,"featured_media":0,"comment_status":"closed","ping_status":"open","sticky":false,"template":"","format":"standard","meta":{"footnotes":""},"categories":[7],"tags":[],"_links":{"self":[{"href":"http:\/\/anpagarciabarbon.org\/index.php?rest_route=\/wp\/v2\/posts\/1205"}],"collection":[{"href":"http:\/\/anpagarciabarbon.org\/index.php?rest_route=\/wp\/v2\/posts"}],"about":[{"href":"http:\/\/anpagarciabarbon.org\/index.php?rest_route=\/wp\/v2\/types\/post"}],"author":[{"embeddable":true,"href":"http:\/\/anpagarciabarbon.org\/index.php?rest_route=\/wp\/v2\/users\/1"}],"replies":[{"embeddable":true,"href":"http:\/\/anpagarciabarbon.org\/index.php?rest_route=%2Fwp%2Fv2%2Fcomments&post=1205"}],"version-history":[{"count":0,"href":"http:\/\/anpagarciabarbon.org\/index.php?rest_route=\/wp\/v2\/posts\/1205\/revisions"}],"wp:attachment":[{"href":"http:\/\/anpagarciabarbon.org\/index.php?rest_route=%2Fwp%2Fv2%2Fmedia&parent=1205"}],"wp:term":[{"taxonomy":"category","embeddable":true,"href":"http:\/\/anpagarciabarbon.org\/index.php?rest_route=%2Fwp%2Fv2%2Fcategories&post=1205"},{"taxonomy":"post_tag","embeddable":true,"href":"http:\/\/anpagarciabarbon.org\/index.php?rest_route=%2Fwp%2Fv2%2Ftags&post=1205"}],"curies":[{"name":"wp","href":"https:\/\/api.w.org\/{rel}","templated":true}]}}