{"id":1120,"date":"2015-05-20T08:27:40","date_gmt":"2015-05-20T08:27:40","guid":{"rendered":"http:\/\/anpagarciabarbon.org\/?p=1120"},"modified":"2015-05-20T08:27:40","modified_gmt":"2015-05-20T08:27:40","slug":"charla-a-autoestima","status":"publish","type":"post","link":"http:\/\/anpagarciabarbon.org\/?p=1120","title":{"rendered":"Charla: &#8220;A Autoestima&#8221;"},"content":{"rendered":"<p><a href=\"http:\/\/anpagarciabarbon.org\/wp-content\/uploads\/2015\/05\/635411225777232386_autoestima-02-1024x640.jpg\"><img loading=\"lazy\" decoding=\"async\" class=\"aligncenter size-full wp-image-1121\" src=\"http:\/\/anpagarciabarbon.org\/wp-content\/uploads\/2015\/05\/635411225777232386_autoestima-02-1024x640.jpg\" alt=\"635411225777232386_autoestima-02-1024x640\" width=\"1024\" height=\"640\" \/><\/a><\/p>\n<p>&nbsp;<\/p>\n<p>Inform\u00e1mosvos da iniciativa por parte do <strong>orientador<\/strong> do centro (<strong>Jos\u00e9 Barral<\/strong>) e a <strong>ANPA<\/strong>, da realizaci\u00f3n da seguinte charla:<\/p>\n<ul>\n<li><strong><em>\u201cA AUTOESTIMA\u201d: 4 de xu\u00f1o as 19:00 h. na biblioteca do centro.<\/em><\/strong><\/li>\n<\/ul>\n<p>Anim\u00e1mosvos a participar, xa que cremos que esta iniciativa \u00e9 de interese para\u00a0 <strong>todos\/as<\/strong>\u00a0 na procura de orientaci\u00f3n e axuda no noso papel de educadores dos nosos fillos e fillas.<\/p>\n","protected":false},"excerpt":{"rendered":"<p>&nbsp; Inform\u00e1mosvos da iniciativa por parte do orientador do centro (Jos\u00e9 Barral) e a ANPA, da realizaci\u00f3n da seguinte charla: \u201cA AUTOESTIMA\u201d: 4 de xu\u00f1o as 19:00 h. na biblioteca [&hellip;]<\/p>\n","protected":false},"author":1,"featured_media":0,"comment_status":"closed","ping_status":"open","sticky":false,"template":"","format":"standard","meta":{"footnotes":""},"categories":[2],"tags":[],"_links":{"self":[{"href":"http:\/\/anpagarciabarbon.org\/index.php?rest_route=\/wp\/v2\/posts\/1120"}],"collection":[{"href":"http:\/\/anpagarciabarbon.org\/index.php?rest_route=\/wp\/v2\/posts"}],"about":[{"href":"http:\/\/anpagarciabarbon.org\/index.php?rest_route=\/wp\/v2\/types\/post"}],"author":[{"embeddable":true,"href":"http:\/\/anpagarciabarbon.org\/index.php?rest_route=\/wp\/v2\/users\/1"}],"replies":[{"embeddable":true,"href":"http:\/\/anpagarciabarbon.org\/index.php?rest_route=%2Fwp%2Fv2%2Fcomments&post=1120"}],"version-history":[{"count":0,"href":"http:\/\/anpagarciabarbon.org\/index.php?rest_route=\/wp\/v2\/posts\/1120\/revisions"}],"wp:attachment":[{"href":"http:\/\/anpagarciabarbon.org\/index.php?rest_route=%2Fwp%2Fv2%2Fmedia&parent=1120"}],"wp:term":[{"taxonomy":"category","embeddable":true,"href":"http:\/\/anpagarciabarbon.org\/index.php?rest_route=%2Fwp%2Fv2%2Fcategories&post=1120"},{"taxonomy":"post_tag","embeddable":true,"href":"http:\/\/anpagarciabarbon.org\/index.php?rest_route=%2Fwp%2Fv2%2Ftags&post=1120"}],"curies":[{"name":"wp","href":"https:\/\/api.w.org\/{rel}","templated":true}]}}