{"id":1080,"date":"2015-04-22T08:03:33","date_gmt":"2015-04-22T08:03:33","guid":{"rendered":"http:\/\/anpagarciabarbon.org\/?p=1080"},"modified":"2015-04-22T08:03:33","modified_gmt":"2015-04-22T08:03:33","slug":"liga-de-natacion-escolar-domingo-26-de-abril","status":"publish","type":"post","link":"http:\/\/anpagarciabarbon.org\/?p=1080","title":{"rendered":"Liga de Nataci\u00f3n Escolar (domingo 26 de Abril)"},"content":{"rendered":"<p><a href=\"http:\/\/anpagarciabarbon.org\/wp-content\/uploads\/2014\/09\/vigo_natacion.jpg\"><img loading=\"lazy\" decoding=\"async\" class=\"aligncenter size-full wp-image-912\" src=\"http:\/\/anpagarciabarbon.org\/wp-content\/uploads\/2014\/09\/vigo_natacion.jpg\" alt=\"vigo_natacion\" width=\"640\" height=\"319\" \/><\/a><\/p>\n<h2>Informamos que ao ser a \u00faltima xornada, farase a entrega de trofeos e medallas aos colexios e que os nenos\/as ter\u00e1n que quedarse ata o remate.<\/h2>\n<p>1.Todos os nenos\/as deber\u00e1n presentarse na Piscina do Carme, Travesas (R\/ Do Carme, 4), no seguinte horario:<br \/>\n-Categor\u00eda benxam\u00edn (2003-2006): 8:45 h.<br \/>\n-Categor\u00eda promesa(2007-2009): 11:30 h.<\/p>\n<p>2. Deber\u00e1n ir provistos de:<br \/>\nZapatillas, toalla, traxe de ba\u00f1o e complementos de aseo persoal.<br \/>\nANPA por\u00e1 os gorros e as camisetas (para que todos vaian iguais e distinguilos mellor).<\/p>\n<p>3. Para calquera d\u00fabida que poda xurdir poderedes chamar a partir do venres 24 de abril, pola tarde, ao tel\u00e9fono que se especifica a continuaci\u00f3n: 660 175 215, e contactar coa persoa responsable da actividade: Cayetana Garc\u00eda-Picher (Tana)<\/p>\n<p>4. Todos\/as aqueles nenos\/as que non poidan asistir, deber\u00e1n comunicalo con antelaci\u00f3n para estar sobreaviso e non prexudicar o transcurso normal da competici\u00f3n.<\/p>\n<p>5. Os pais\/nais deber\u00e1n deixar os nenos\/as na porta da piscina, onde as\/os responsables da actividade estaranos esperando, e posteriormente dirixirse as bancadas da piscina para ver a competici\u00f3n. As\u00ed mesmo tam\u00e9n deber\u00e1n recollelos no mesmo sitio no seguinte horario:<br \/>\n&#8211; Benxam\u00edns: 11:30 h.<br \/>\n&#8211; Promesas: ao finalizar a entrega de trofeos.<\/p>\n<p>Informamos que ao ser a \u00faltima xornada, farase a entrega de trofeos e medallas aos colexios e que os nenos\/as ter\u00e1n que quedarse ata o remate.<br \/>\nPregamos a t\u00f3dolos pais\/nais a m\u00e1xima puntualidade para non xerar atrasos no inicio da competici\u00f3n, e para favorecer unha boa organizaci\u00f3n da actividade.<\/p>\n","protected":false},"excerpt":{"rendered":"<p>Informamos que ao ser a \u00faltima xornada, farase a entrega de trofeos e medallas aos colexios e que os nenos\/as ter\u00e1n que quedarse ata o remate. 1.Todos os nenos\/as deber\u00e1n [&hellip;]<\/p>\n","protected":false},"author":1,"featured_media":0,"comment_status":"closed","ping_status":"open","sticky":false,"template":"","format":"standard","meta":{"footnotes":""},"categories":[2],"tags":[],"_links":{"self":[{"href":"http:\/\/anpagarciabarbon.org\/index.php?rest_route=\/wp\/v2\/posts\/1080"}],"collection":[{"href":"http:\/\/anpagarciabarbon.org\/index.php?rest_route=\/wp\/v2\/posts"}],"about":[{"href":"http:\/\/anpagarciabarbon.org\/index.php?rest_route=\/wp\/v2\/types\/post"}],"author":[{"embeddable":true,"href":"http:\/\/anpagarciabarbon.org\/index.php?rest_route=\/wp\/v2\/users\/1"}],"replies":[{"embeddable":true,"href":"http:\/\/anpagarciabarbon.org\/index.php?rest_route=%2Fwp%2Fv2%2Fcomments&post=1080"}],"version-history":[{"count":0,"href":"http:\/\/anpagarciabarbon.org\/index.php?rest_route=\/wp\/v2\/posts\/1080\/revisions"}],"wp:attachment":[{"href":"http:\/\/anpagarciabarbon.org\/index.php?rest_route=%2Fwp%2Fv2%2Fmedia&parent=1080"}],"wp:term":[{"taxonomy":"category","embeddable":true,"href":"http:\/\/anpagarciabarbon.org\/index.php?rest_route=%2Fwp%2Fv2%2Fcategories&post=1080"},{"taxonomy":"post_tag","embeddable":true,"href":"http:\/\/anpagarciabarbon.org\/index.php?rest_route=%2Fwp%2Fv2%2Ftags&post=1080"}],"curies":[{"name":"wp","href":"https:\/\/api.w.org\/{rel}","templated":true}]}}