{"id":1070,"date":"2015-04-15T15:33:44","date_gmt":"2015-04-15T15:33:44","guid":{"rendered":"http:\/\/anpagarciabarbon.org\/?p=1070"},"modified":"2015-04-15T15:33:44","modified_gmt":"2015-04-15T15:33:44","slug":"solicitudes-bolsa-comedor-curso-2015-2016","status":"publish","type":"post","link":"http:\/\/anpagarciabarbon.org\/?p=1070","title":{"rendered":"Solicitudes bolsa comedor curso 2015\u20132016"},"content":{"rendered":"<p><a href=\"http:\/\/anpagarciabarbon.org\/wp-content\/uploads\/2014\/03\/comedor.jpg\"><img loading=\"lazy\" decoding=\"async\" class=\"aligncenter size-full wp-image-782\" src=\"http:\/\/anpagarciabarbon.org\/wp-content\/uploads\/2014\/03\/comedor.jpg\" alt=\"comedor\" width=\"198\" height=\"255\" \/><\/a><\/p>\n<p>Inf\u00f3rmase a t\u00f3dolos\/as pais\/nais da publicaci\u00f3n das bases reguladoras e convocatoria espec\u00edfica para a concesi\u00f3n de axudas municipais de libros, material escolar e comedor para alumnos\/as de centros docentes p\u00fablicos e privados concertados de educaci\u00f3n infantil (2\u00aa etapa), educaci\u00f3n primaria e secundaria, do concello de Vigo \u2013 curso 2015-2016.<\/p>\n<p>Poden consultar ditas bases no taboleiro oficial de anuncios da casa do concello, nos centros de servizos sociais municipais e na p\u00e1xina web do Concello de Vigo www.vigo.org ou <a href=\"http:\/\/anpagarciabarbon.org\/wp-content\/uploads\/2015\/04\/bolsacomedor1516_solicitude.pdf\" target=\"_blank\">descargar as bases nesta web<\/a> e tam\u00e9n <a href=\"http:\/\/anpagarciabarbon.org\/wp-content\/uploads\/2015\/04\/bolsacomedor1516_solicitude.pdf\" target=\"_blank\">o formulario de solicitude<\/a>.<\/p>\n<p><strong>Prazo de presentaci\u00f3n de solicitudes do 17 de abril \u00f3 11 de maio 2015, \u00e1mbolos dous inclu\u00eddos.<\/strong><\/p>\n<p>&nbsp;<\/p>\n<p><a href=\"http:\/\/anpagarciabarbon.org\/wp-content\/uploads\/2015\/04\/concello.jpg\"><img loading=\"lazy\" decoding=\"async\" class=\"aligncenter size-full wp-image-1073\" src=\"http:\/\/anpagarciabarbon.org\/wp-content\/uploads\/2015\/04\/concello.jpg\" alt=\"concello\" width=\"382\" height=\"132\" \/><\/a><\/p>\n","protected":false},"excerpt":{"rendered":"<p>Inf\u00f3rmase a t\u00f3dolos\/as pais\/nais da publicaci\u00f3n das bases reguladoras e convocatoria espec\u00edfica para a concesi\u00f3n de axudas municipais de libros, material escolar e comedor para alumnos\/as de centros docentes p\u00fablicos [&hellip;]<\/p>\n","protected":false},"author":1,"featured_media":0,"comment_status":"closed","ping_status":"open","sticky":false,"template":"","format":"standard","meta":{"footnotes":""},"categories":[7],"tags":[],"_links":{"self":[{"href":"http:\/\/anpagarciabarbon.org\/index.php?rest_route=\/wp\/v2\/posts\/1070"}],"collection":[{"href":"http:\/\/anpagarciabarbon.org\/index.php?rest_route=\/wp\/v2\/posts"}],"about":[{"href":"http:\/\/anpagarciabarbon.org\/index.php?rest_route=\/wp\/v2\/types\/post"}],"author":[{"embeddable":true,"href":"http:\/\/anpagarciabarbon.org\/index.php?rest_route=\/wp\/v2\/users\/1"}],"replies":[{"embeddable":true,"href":"http:\/\/anpagarciabarbon.org\/index.php?rest_route=%2Fwp%2Fv2%2Fcomments&post=1070"}],"version-history":[{"count":0,"href":"http:\/\/anpagarciabarbon.org\/index.php?rest_route=\/wp\/v2\/posts\/1070\/revisions"}],"wp:attachment":[{"href":"http:\/\/anpagarciabarbon.org\/index.php?rest_route=%2Fwp%2Fv2%2Fmedia&parent=1070"}],"wp:term":[{"taxonomy":"category","embeddable":true,"href":"http:\/\/anpagarciabarbon.org\/index.php?rest_route=%2Fwp%2Fv2%2Fcategories&post=1070"},{"taxonomy":"post_tag","embeddable":true,"href":"http:\/\/anpagarciabarbon.org\/index.php?rest_route=%2Fwp%2Fv2%2Ftags&post=1070"}],"curies":[{"name":"wp","href":"https:\/\/api.w.org\/{rel}","templated":true}]}}