{"id":1053,"date":"2015-03-04T11:45:08","date_gmt":"2015-03-04T11:45:08","guid":{"rendered":"http:\/\/anpagarciabarbon.org\/?p=1053"},"modified":"2015-03-04T11:45:08","modified_gmt":"2015-03-04T11:45:08","slug":"liga-de-natacion-escolar-domingo-8-de-marzo","status":"publish","type":"post","link":"http:\/\/anpagarciabarbon.org\/?p=1053","title":{"rendered":"Liga de Nataci\u00f3n Escolar (domingo, 8 de Marzo)"},"content":{"rendered":"<p><a href=\"http:\/\/anpagarciabarbon.org\/wp-content\/uploads\/2014\/09\/vigo_natacion.jpg\"><img loading=\"lazy\" decoding=\"async\" class=\"aligncenter size-full wp-image-912\" src=\"http:\/\/anpagarciabarbon.org\/wp-content\/uploads\/2014\/09\/vigo_natacion.jpg\" alt=\"vigo_natacion\" width=\"640\" height=\"319\" \/><\/a><br \/>\nInformaci\u00f3n sobre a competici\u00f3n de nataci\u00f3n do Domingo 08\/03\/15<\/p>\n<p>1.Todos os nenos\/as deber\u00e1n presentarse na Piscina do Carme, Traviesas (R\/ Do Carme, 4), no seguinte horario:<br \/>\n<em>a.Categor\u00eda benxam\u00edn (2003-2006): 8:45 h.<\/em><br \/>\n<em> b.Categor\u00eda promesa(2007-2009): 11:30 h.<\/em><\/p>\n<p>2.Deber\u00e1n ir provistos de:\u00a0 Zapatillas, toalla, traxe de ba\u00f1o e complementos de aseo persoal.<br \/>\n<em>A ANPA por\u00e1 os gorros e as camisetas (para que todos vaian iguais e distinguilos mellor)<\/em>.<\/p>\n<p>3.Para calquera d\u00fabida que poda xurdir poderedes chamar a partir do venres 6 de marzo, pola tarde, ao tel\u00e9fono que se especifica a continuaci\u00f3n: 660 175 215, e contactar coa persoa responsable da actividade.<br \/>\nCayetana Garc\u00eda-Picher (Tana)<\/p>\n<p>4.Todos\/as aqueles nenos\/as que non poidan asistir, deber\u00e1n comunicalo con antelaci\u00f3n para estar sobreaviso e non prexudicar o transcurso normal da competici\u00f3n.<\/p>\n<p>5.Os pais\/nais deber\u00e1n deixar os nenos\/as na porta da piscina, onde as\/os responsables da actividade estaranos esperando, e posteriormente dirixirse as bancadas da piscina para ver a competici\u00f3n. As\u00ed mesmo tam\u00e9n deber\u00e1n recollelos no mesmo sitio no seguinte horario:<br \/>\n<em>a.Categor\u00eda benxam\u00edn (2003-2006): 11:30 h.<\/em><br \/>\n<em> b.Categor\u00eda promesa(2007-2009): 14:00 h.<\/em><\/p>\n<p>Todos\/as os nenos poder\u00e1n quedarse, se o prefiren, ata o final da convocatoria previo aviso dos pais\/nais as responsables da actividade.<br \/>\nPregamos a t\u00f3dolos pais\/nais a m\u00e1xima puntualidade para non xerar atrasos no inicio da competici\u00f3n, e para favorecer unha boa organizaci\u00f3n da actividade.<br \/>\n<strong>Todos\/as aqueles que non poidan asistir, por favor, avisadeo canto antes no local da ANPA.<\/strong><br \/>\nANPA \u201cA BARXA\u201d<\/p>\n","protected":false},"excerpt":{"rendered":"<p>Informaci\u00f3n sobre a competici\u00f3n de nataci\u00f3n do Domingo 08\/03\/15 1.Todos os nenos\/as deber\u00e1n presentarse na Piscina do Carme, Traviesas (R\/ Do Carme, 4), no seguinte horario: a.Categor\u00eda benxam\u00edn (2003-2006): 8:45 [&hellip;]<\/p>\n","protected":false},"author":1,"featured_media":0,"comment_status":"closed","ping_status":"open","sticky":false,"template":"","format":"standard","meta":{"footnotes":""},"categories":[2],"tags":[],"_links":{"self":[{"href":"http:\/\/anpagarciabarbon.org\/index.php?rest_route=\/wp\/v2\/posts\/1053"}],"collection":[{"href":"http:\/\/anpagarciabarbon.org\/index.php?rest_route=\/wp\/v2\/posts"}],"about":[{"href":"http:\/\/anpagarciabarbon.org\/index.php?rest_route=\/wp\/v2\/types\/post"}],"author":[{"embeddable":true,"href":"http:\/\/anpagarciabarbon.org\/index.php?rest_route=\/wp\/v2\/users\/1"}],"replies":[{"embeddable":true,"href":"http:\/\/anpagarciabarbon.org\/index.php?rest_route=%2Fwp%2Fv2%2Fcomments&post=1053"}],"version-history":[{"count":0,"href":"http:\/\/anpagarciabarbon.org\/index.php?rest_route=\/wp\/v2\/posts\/1053\/revisions"}],"wp:attachment":[{"href":"http:\/\/anpagarciabarbon.org\/index.php?rest_route=%2Fwp%2Fv2%2Fmedia&parent=1053"}],"wp:term":[{"taxonomy":"category","embeddable":true,"href":"http:\/\/anpagarciabarbon.org\/index.php?rest_route=%2Fwp%2Fv2%2Fcategories&post=1053"},{"taxonomy":"post_tag","embeddable":true,"href":"http:\/\/anpagarciabarbon.org\/index.php?rest_route=%2Fwp%2Fv2%2Ftags&post=1053"}],"curies":[{"name":"wp","href":"https:\/\/api.w.org\/{rel}","templated":true}]}}